{"id":25419,"date":"2017-04-22T10:53:38","date_gmt":"2017-04-22T10:53:38","guid":{"rendered":"http:\/\/portalcatolico.net\/portal\/?p=25419"},"modified":"2017-04-22T10:53:38","modified_gmt":"2017-04-22T10:53:38","slug":"observador-da-santa-se-na-onu-dialogo-e-unico-antidoto-para-a-violencia","status":"publish","type":"post","link":"http:\/\/portalcatolico.net\/portal\/observador-da-santa-se-na-onu-dialogo-e-unico-antidoto-para-a-violencia\/","title":{"rendered":"Observador da Santa S\u00e9 na ONU: di\u00e1logo \u00e9 \u00fanico ant\u00eddoto para a viol\u00eancia"},"content":{"rendered":"<p>Pronunciamento no Conselho de Seguran\u00e7a da Onu, em Nova York, sobre o Oriente M\u00e9dio.<\/p>\n<p>Cidade do Vaticano, 21 Abr. 2017).- O observador permanente da Santa S\u00e9 junto \u00e0 Organiza\u00e7\u00e3o das Na\u00e7\u00f5es Unidas, Dom Bernardito Auza, em pronunciamento esta quinta-feira no Conselho de Seguran\u00e7a da Onu, em Nova York, sobre o Oriente M\u00e9dio, indicou que o di\u00e1logo \u00e9 \u00fanico ant\u00eddoto para o \u00f3dio, e que a visita do Papa Francisco ao Egito, nos dias 28 e 29 de abril, vai real\u00e7ar que n\u00e3o existe ant\u00eddoto mais eficaz para o \u00f3dio e a viol\u00eancia do que o di\u00e1logo e o encontro.<\/p>\n<p>Dom Auza fez um chamado aos l\u00edderes religiosos a fim de que manifestem abertamente a incompatibilidade de toda religi\u00e3o com o terrorismo praticado em nome de Deus. Assim como com outras a\u00e7\u00f5es contr\u00e1rias \u00e0 dignidade humana e aos direitos fundamentais de todo homem e mulher, sobretudo o direito \u00e0 vida e \u00e0 liberdade religiosa. E convidou os fornecedores de armas a agir em conformidade com as normas internacionais,<\/p>\n<p>A Comunidade internacional proteja minorias religiosas em risco de genoc\u00eddio, pediu o arcebispo filipino, e lembrou a presen\u00e7a hist\u00f3rica vivida pacificamente durante mil\u00eanios com a maioria mu\u00e7ulmana, que hoje \u00e9 amea\u00e7ada pelo extremismo que os tomou como alvo destruindo seu patrim\u00f4nio cultural e hist\u00f3rico.<\/p>\n<p>O observador permanente pediu tamb\u00e9m \u00e0 comunidade internacional que intensifique os esfor\u00e7os para livrar essas popula\u00e7\u00f5es do flagelo amea\u00e7ador do genoc\u00eddio perpetrado pelos terroristas.<\/p>\n<p>O n\u00fancio apost\u00f3lico louvou o L\u00edbano que assumiu o \u00f4nus de acolher milh\u00f5es de refugiados provenientes de pa\u00edses e territ\u00f3rios lim\u00edtrofes em conflito, diante da crescente instabilidade da Regi\u00e3o.<\/p>\n<p>E reiterou solu\u00e7\u00e3o de dois povos dos pa\u00edses, para Israel e Palestina, com confins reconhecidos a n\u00edvel internacional, e evocou um acordo negociado em boa f\u00e9 com coragem e a perspectiva de concess\u00f5es rec\u00edprocas equ\u00e2nimes.(Zenit)<\/p>\n","protected":false},"excerpt":{"rendered":"<p>Pronunciamento no Conselho de Seguran\u00e7a da Onu, em Nova York, sobre o Oriente M\u00e9dio. Cidade do Vaticano, 21 Abr. 2017).- O observador permanente da Santa S\u00e9 junto \u00e0 Organiza\u00e7\u00e3o das Na\u00e7\u00f5es Unidas, Dom Bernardito Auza, em pronunciamento esta quinta-feira no Conselho de Seguran\u00e7a da Onu, em Nova York, sobre o Oriente M\u00e9dio, indicou que o&nbsp;<\/p>\n<p><a class=\"btn btn-style\" href=\"http:\/\/portalcatolico.net\/portal\/observador-da-santa-se-na-onu-dialogo-e-unico-antidoto-para-a-violencia\/\">Continue Reading<\/a><\/p>\n","protected":false},"author":2,"featured_media":25420,"comment_status":"open","ping_status":"open","sticky":false,"template":"","format":"standard","meta":{"footnotes":""},"categories":[5],"tags":[],"class_list":["post-25419","post","type-post","status-publish","format-standard","has-post-thumbnail","hentry","category-igreja_no_mundo"],"_links":{"self":[{"href":"http:\/\/portalcatolico.net\/portal\/wp-json\/wp\/v2\/posts\/25419","targetHints":{"allow":["GET"]}}],"collection":[{"href":"http:\/\/portalcatolico.net\/portal\/wp-json\/wp\/v2\/posts"}],"about":[{"href":"http:\/\/portalcatolico.net\/portal\/wp-json\/wp\/v2\/types\/post"}],"author":[{"embeddable":true,"href":"http:\/\/portalcatolico.net\/portal\/wp-json\/wp\/v2\/users\/2"}],"replies":[{"embeddable":true,"href":"http:\/\/portalcatolico.net\/portal\/wp-json\/wp\/v2\/comments?post=25419"}],"version-history":[{"count":1,"href":"http:\/\/portalcatolico.net\/portal\/wp-json\/wp\/v2\/posts\/25419\/revisions"}],"predecessor-version":[{"id":25421,"href":"http:\/\/portalcatolico.net\/portal\/wp-json\/wp\/v2\/posts\/25419\/revisions\/25421"}],"wp:featuredmedia":[{"embeddable":true,"href":"http:\/\/portalcatolico.net\/portal\/wp-json\/wp\/v2\/media\/25420"}],"wp:attachment":[{"href":"http:\/\/portalcatolico.net\/portal\/wp-json\/wp\/v2\/media?parent=25419"}],"wp:term":[{"taxonomy":"category","embeddable":true,"href":"http:\/\/portalcatolico.net\/portal\/wp-json\/wp\/v2\/categories?post=25419"},{"taxonomy":"post_tag","embeddable":true,"href":"http:\/\/portalcatolico.net\/portal\/wp-json\/wp\/v2\/tags?post=25419"}],"curies":[{"name":"wp","href":"https:\/\/api.w.org\/{rel}","templated":true}]}}