{"id":25410,"date":"2017-04-21T11:35:10","date_gmt":"2017-04-21T11:35:10","guid":{"rendered":"http:\/\/portalcatolico.net\/portal\/?p=25410"},"modified":"2017-04-21T11:38:51","modified_gmt":"2017-04-21T11:38:51","slug":"pastorinhos-vao-ser-feitos-santos-em-fatima-no-proximo-dia-13-de-maio","status":"publish","type":"post","link":"http:\/\/portalcatolico.net\/portal\/pastorinhos-vao-ser-feitos-santos-em-fatima-no-proximo-dia-13-de-maio\/","title":{"rendered":"Pastorinhos v\u00e3o ser feitos Santos em F\u00e1tima no pr\u00f3ximo dia 13 de maio"},"content":{"rendered":"<h3 class=\"text_subtitulo_1\">Papa fez o an\u00fancio no consist\u00f3rio em Roma.<\/h3>\n<p>O Papa vai canonizar Francisco e Jacinta Marto no pr\u00f3ximo dia 13 de maio em F\u00e1tima. O anuncio foi feito esta manh\u00e3 em Roma, no Consist\u00f3rio Ordin\u00e1rio P\u00fablico para o voto sobre algumas Causas de Canoniza\u00e7\u00f5es.<\/p>\n<p>Este processo iniciado pelo ent\u00e3o bispo de Leiria, D. Jos\u00e9 Alves Correia da Silva,\u00a0 a 30 de abril de 1952, um ano depois da traslada\u00e7\u00e3o dos restos mortais de Jacinta para a Bas\u00edlica de Nossa Senhora do Ros\u00e1rio de F\u00e1tima, \u00a0tem agora o desfecho aguardado 65 anos depois.<\/p>\n<p>Os sinos do Santu\u00e1rio de F\u00e1tima tocaram a repique para celebrar a not\u00edcia.<\/p>\n<p>O reitor do Santu\u00e1rio, padre Carlos Cabecinhas, juntou-se pouco depois aos peregrinos e visitantes, na Capelinha das Apari\u00e7\u00f5es, para um \u00abmomento singelo de ora\u00e7\u00e3o\u00bb.<\/p>\n<p>\u00abAlegramo-nos com esta not\u00edcia e damos gra\u00e7as a Deus por estes exemplos de santidade que nos s\u00e3o oferecidos\u00bb, disse.<\/p>\n<p>\u00abPedimos tamb\u00e9m neste lugar t\u00e3o especial, a Capelinha das Apari\u00e7\u00f5es, a ajuda de Nossa Senhora para sabermos imitar o exemplo dos futuros santos Francisco e Jacinta Marto\u00bb, acrescentou ainda o sacerdote, antes de se cantar o hino dos pastorinhos no Recinto de Ora\u00e7\u00e3o.<\/p>\n<p>A canoniza\u00e7\u00e3o acontece ap\u00f3s a aprova\u00e7\u00e3o, a 23 de mar\u00e7o, de um milagre atribu\u00eddo a Francisco e Jacinta; \u00e9 a \u00faltima etapa do processo, iniciado h\u00e1 65 anos.<\/p>\n<p>Pouco depois, a Confer\u00eancia Episcopal Portuguesa manifestou a \u00abimensa alegria\u00bb com que acolheu o an\u00fancio que Francisco e Jacinta ser\u00e3o feitos Santos em F\u00e1tima.<\/p>\n<p>\u00abO Centen\u00e1rio das Apari\u00e7\u00f5es, a Canoniza\u00e7\u00e3o de Francisco e Jacinta Marto e a presen\u00e7a do Santo Padre entre n\u00f3s s\u00e3o motivos maiores para estarmos todos, peregrinos na esperan\u00e7a e na paz, em sintonia de ora\u00e7\u00e3o e de acolhimento do dom da santidade\u00bb, reiterou o Pe. Manuel Barbosa Porta-voz da CEP, que referiu ainda que \u00abnunca \u00e9 demais insistir na voca\u00e7\u00e3o universal \u00e0 santidade\u00bb.<\/p>\n<p>Na nota divulgada esta manh\u00e3 foi ainda expressado o desejo \u00abQue o exemplo de vida de Francisco e Jacinta Marto, agora apresentados a toda a Igreja como modelos e intercessores da santidade, contribua para intensificarmos a viv\u00eancia da mensagem que Nossa Senhora do Ros\u00e1rio nos ofereceu em F\u00e1tima\u00bb.Pouco depois, a Confer\u00eancia Episcopal Portuguesa manifestou a \u00abimensa alegria\u00bb ao acolher o an\u00fancio que Francisco e Jacinta ser\u00e3o feitos Santos em F\u00e1tima.<\/p>\n<p>(Confira a Biografia e Cronologia)<\/p>\n<p><a class=\"btn btn-plus\" href=\"http:\/\/www.fatima.santuario-fatima.pt\/files\/upload\/noticias\/Biografia%20abreviada%20da%20causa%20de%20canonizacao.pdf\" target=\"_blank\">Biografia abreviada da causa de canoniza\u00e7\u00e3o<\/a><\/p>\n<p><a class=\"btn btn-plus\" href=\"http:\/\/www.fatima.santuario-fatima.pt\/files\/upload\/noticias\/Biografia%20de%20Farncisco%20e%20Jacinta%20Marto.pdf\" target=\"_blank\">Biografia de Francisco e Jacinta Marto<\/a><\/p>\n<p><a class=\"btn btn-plus\" href=\"http:\/\/www.fatima.santuario-fatima.pt\/files\/upload\/noticias\/Cronologia%20de%20Francisco%20e%20Jacinta%20Marto.pdf\" target=\"_blank\">Cronologia de Francisco e Jacinta Marto<\/a><\/p>\n<p><a class=\"btn btn-plus\" href=\"http:\/\/www.fatima.santuario-fatima.pt\/files\/upload\/noticias\/Simbologia%20dos%20relicarios.pdf\" target=\"_blank\">Simbologia dos Relic\u00e1rios<\/a><\/p>\n<p><a class=\"btn btn-plus\" href=\"http:\/\/www.fatima.santuario-fatima.pt\/files\/upload\/noticias\/Mensagem%20D.%20Antonio%20Marto.pdf\" target=\"_blank\">Mensagem de D. Ant\u00f3nio Marto<\/a><\/p>\n<p><a class=\"btn btn-plus\" href=\"http:\/\/www.fatima.santuario-fatima.pt\/files\/upload\/noticias\/Mensagem%20Pe.%20Carlos%20Cabecinhas.pdf\" target=\"_blank\">Mensagem de Pe. Carlos Cabecinhas<\/a><\/p>\n<p>Fonte: Santu\u00e1rio de F\u00e1tima em Portugal<\/p>\n","protected":false},"excerpt":{"rendered":"<p>Papa fez o an\u00fancio no consist\u00f3rio em Roma. O Papa vai canonizar Francisco e Jacinta Marto no pr\u00f3ximo dia 13 de maio em F\u00e1tima. O anuncio foi feito esta manh\u00e3 em Roma, no Consist\u00f3rio Ordin\u00e1rio P\u00fablico para o voto sobre algumas Causas de Canoniza\u00e7\u00f5es. Este processo iniciado pelo ent\u00e3o bispo de Leiria, D. Jos\u00e9 Alves&nbsp;<\/p>\n<p><a class=\"btn btn-style\" href=\"http:\/\/portalcatolico.net\/portal\/pastorinhos-vao-ser-feitos-santos-em-fatima-no-proximo-dia-13-de-maio\/\">Continue Reading<\/a><\/p>\n","protected":false},"author":2,"featured_media":25411,"comment_status":"open","ping_status":"open","sticky":false,"template":"","format":"standard","meta":{"footnotes":""},"categories":[5],"tags":[],"class_list":["post-25410","post","type-post","status-publish","format-standard","has-post-thumbnail","hentry","category-igreja_no_mundo"],"_links":{"self":[{"href":"http:\/\/portalcatolico.net\/portal\/wp-json\/wp\/v2\/posts\/25410","targetHints":{"allow":["GET"]}}],"collection":[{"href":"http:\/\/portalcatolico.net\/portal\/wp-json\/wp\/v2\/posts"}],"about":[{"href":"http:\/\/portalcatolico.net\/portal\/wp-json\/wp\/v2\/types\/post"}],"author":[{"embeddable":true,"href":"http:\/\/portalcatolico.net\/portal\/wp-json\/wp\/v2\/users\/2"}],"replies":[{"embeddable":true,"href":"http:\/\/portalcatolico.net\/portal\/wp-json\/wp\/v2\/comments?post=25410"}],"version-history":[{"count":5,"href":"http:\/\/portalcatolico.net\/portal\/wp-json\/wp\/v2\/posts\/25410\/revisions"}],"predecessor-version":[{"id":25416,"href":"http:\/\/portalcatolico.net\/portal\/wp-json\/wp\/v2\/posts\/25410\/revisions\/25416"}],"wp:featuredmedia":[{"embeddable":true,"href":"http:\/\/portalcatolico.net\/portal\/wp-json\/wp\/v2\/media\/25411"}],"wp:attachment":[{"href":"http:\/\/portalcatolico.net\/portal\/wp-json\/wp\/v2\/media?parent=25410"}],"wp:term":[{"taxonomy":"category","embeddable":true,"href":"http:\/\/portalcatolico.net\/portal\/wp-json\/wp\/v2\/categories?post=25410"},{"taxonomy":"post_tag","embeddable":true,"href":"http:\/\/portalcatolico.net\/portal\/wp-json\/wp\/v2\/tags?post=25410"}],"curies":[{"name":"wp","href":"https:\/\/api.w.org\/{rel}","templated":true}]}}