{"id":25405,"date":"2017-04-21T01:20:37","date_gmt":"2017-04-21T01:20:37","guid":{"rendered":"http:\/\/portalcatolico.net\/portal\/?p=25405"},"modified":"2017-04-21T01:20:37","modified_gmt":"2017-04-21T01:20:37","slug":"confira-a-programacao-dos-festejos-de-sao-jorge-padroeiro-de-ilheus","status":"publish","type":"post","link":"http:\/\/portalcatolico.net\/portal\/confira-a-programacao-dos-festejos-de-sao-jorge-padroeiro-de-ilheus\/","title":{"rendered":"Confira a programa\u00e7\u00e3o dos festejos de S\u00e3o Jorge, padroeiro de Ilh\u00e9us"},"content":{"rendered":"<p class=\"m_-6668409404848949569xgmail-msonospacing\"><em>Os festejos em homenagem a S\u00e3o Jorge, padroeiro da cidade de Ilh\u00e9us (BA) teve in\u00edcio dia 16 e segue at\u00e9 23 de abril (domingo), dia de celebrar o santo. O tema para este ano \u00e9: \u201cAlegremo-nos! Com s\u00e3o Jorge celebramos a p\u00e1scoa do Senhor\u201d.<\/em><u><\/u><u><\/u><\/p>\n<p class=\"m_-6668409404848949569xgmail-msonospacing\"><em>Logo ap\u00f3s a santa missa, haver\u00e1 quermesse e shows ao vivo todas as noites.<\/em><u><\/u><u><\/u><\/p>\n<p class=\"m_-6668409404848949569xgmail-msonospacing\"><em>No dia festivo, a programa\u00e7\u00e3o come\u00e7a \u00e0s 5h com a Alvorada, depois tem a Missa das inten\u00e7\u00f5es \u00e0s 7h, a Missa Solene \u00e0s 10h e \u00e0s 16h a tradicional prociss\u00e3o e b\u00ean\u00e7\u00e3o do Sant\u00edssimo Sacramento.<\/em><u><\/u><u><\/u><\/p>\n<p class=\"m_-6668409404848949569xgmail-msonospacing\"><em>\u00a0O Dia de S\u00e3o Jorge \u00e9 celebrado por v\u00e1rias na\u00e7\u00f5es e culturas para quem o santo \u00e9 patrono, como Reino Unido, Portugal, Ge\u00f3rgia, Catalunha, Bulg\u00e1ria e outros. Existe uma hist\u00f3ria popular de que a imagem de S\u00e3o Jorge matando o drag\u00e3o pode ser vis\u00edvel na lua cheia. S\u00e3o Jorge foi um padre e soldado romano no ex\u00e9rcito do imperador Diocleciano, e \u00e9 venerado como m\u00e1rtir crist\u00e3o. S\u00e3o Jorge \u00e9 um dos santos mais venerados no catolicismo, e ficou imortalizado no conto em que mata o drag\u00e3o.<\/em><u><\/u><u><\/u><\/p>\n<p class=\"m_-6668409404848949569xgmail-msonospacing\"><em>\u00a0O Dia de S\u00e3o Jorge \u00e9 celebrado em 23 de abril em homenagem a data do nascimento do santo: 23 de abril de 303 d.C.<\/em><\/p>\n<p class=\"m_-6668409404848949569xgmail-msonospacing\">Foto:Divulga\u00e7\u00e3o<\/p>\n<p class=\"m_-6668409404848949569xgmail-msonospacing\">Texto:Portal Cat\u00f3lico<\/p>\n<p>&nbsp;<\/p>\n","protected":false},"excerpt":{"rendered":"<p>Os festejos em homenagem a S\u00e3o Jorge, padroeiro da cidade de Ilh\u00e9us (BA) teve in\u00edcio dia 16 e segue at\u00e9 23 de abril (domingo), dia de celebrar o santo. O tema para este ano \u00e9: \u201cAlegremo-nos! Com s\u00e3o Jorge celebramos a p\u00e1scoa do Senhor\u201d. Logo ap\u00f3s a santa missa, haver\u00e1 quermesse e shows ao vivo&nbsp;<\/p>\n<p><a class=\"btn btn-style\" href=\"http:\/\/portalcatolico.net\/portal\/confira-a-programacao-dos-festejos-de-sao-jorge-padroeiro-de-ilheus\/\">Continue Reading<\/a><\/p>\n","protected":false},"author":2,"featured_media":25406,"comment_status":"open","ping_status":"open","sticky":false,"template":"","format":"standard","meta":{"footnotes":""},"categories":[4],"tags":[],"class_list":["post-25405","post","type-post","status-publish","format-standard","has-post-thumbnail","hentry","category-destaques"],"_links":{"self":[{"href":"http:\/\/portalcatolico.net\/portal\/wp-json\/wp\/v2\/posts\/25405","targetHints":{"allow":["GET"]}}],"collection":[{"href":"http:\/\/portalcatolico.net\/portal\/wp-json\/wp\/v2\/posts"}],"about":[{"href":"http:\/\/portalcatolico.net\/portal\/wp-json\/wp\/v2\/types\/post"}],"author":[{"embeddable":true,"href":"http:\/\/portalcatolico.net\/portal\/wp-json\/wp\/v2\/users\/2"}],"replies":[{"embeddable":true,"href":"http:\/\/portalcatolico.net\/portal\/wp-json\/wp\/v2\/comments?post=25405"}],"version-history":[{"count":1,"href":"http:\/\/portalcatolico.net\/portal\/wp-json\/wp\/v2\/posts\/25405\/revisions"}],"predecessor-version":[{"id":25407,"href":"http:\/\/portalcatolico.net\/portal\/wp-json\/wp\/v2\/posts\/25405\/revisions\/25407"}],"wp:featuredmedia":[{"embeddable":true,"href":"http:\/\/portalcatolico.net\/portal\/wp-json\/wp\/v2\/media\/25406"}],"wp:attachment":[{"href":"http:\/\/portalcatolico.net\/portal\/wp-json\/wp\/v2\/media?parent=25405"}],"wp:term":[{"taxonomy":"category","embeddable":true,"href":"http:\/\/portalcatolico.net\/portal\/wp-json\/wp\/v2\/categories?post=25405"},{"taxonomy":"post_tag","embeddable":true,"href":"http:\/\/portalcatolico.net\/portal\/wp-json\/wp\/v2\/tags?post=25405"}],"curies":[{"name":"wp","href":"https:\/\/api.w.org\/{rel}","templated":true}]}}