{"id":25396,"date":"2017-04-20T22:30:20","date_gmt":"2017-04-20T22:30:20","guid":{"rendered":"http:\/\/portalcatolico.net\/portal\/?p=25396"},"modified":"2017-04-20T22:31:17","modified_gmt":"2017-04-20T22:31:17","slug":"piedade-a-serra-nobre","status":"publish","type":"post","link":"http:\/\/portalcatolico.net\/portal\/piedade-a-serra-nobre\/","title":{"rendered":"Piedade, a serra nobre"},"content":{"rendered":"<p>Minas Gerais s\u00e3o muitas. Um axioma incontest\u00e1vel que registra as marcas culturais que desenham o territ\u00f3rio mineiro com singularidades, tradi\u00e7\u00f5es, riquezas e valores diversificados do Norte ao Sul, do Leste ao Oeste. Singularidades que responsabilizam a cidadania mineira na tarefa de bem administrar essas riquezas todas. E, quando se tem pouco, administrar \u00e9 mais simples, mas se os bens s\u00e3o muitos, a exemplo do que ocorre nas diferentes culturas que tecem as muitas Minas, esse empreendimento \u00e9 complexo. Exige qualificado exerc\u00edcio da cidadania, aten\u00e7\u00e3o amorosa redobrada e a compet\u00eancia inventiva para interven\u00e7\u00f5es de maior alcance. Desconsiderar essas necessidades alimenta um risco abomin\u00e1vel: o de negociar, a qualquer pre\u00e7o, as identidades culturais de Minas que podem impulsionar projetos com potencial para beneficiar toda a na\u00e7\u00e3o.<\/p>\n<p>Assim, deve crescer a consci\u00eancia entre os mineiros a respeito do inestim\u00e1vel valor das muitas culturas que integram o Estado.\u00a0 O come\u00e7o de tudo \u00e9 acabar com antip\u00e1ticas chacotas a respeito da pr\u00f3pria identidade. \u00c9 preciso valorizar a mineiridade e entender a sua riqueza \u2013 t\u00e3o importante quanto a terra e a natureza de Minas Gerais.\u00a0 Uma cultura sustentada pela hist\u00f3ria tricenten\u00e1ria deste Estado, fecundada pela religiosidade e pela nobreza da f\u00e9 crist\u00e3. Eivada, sobretudo, pelos personagens de destaque nos mais diferentes \u00e2mbitos &#8211; cultura, artes, educa\u00e7\u00e3o e pol\u00edtica. O magn\u00edfico patrim\u00f4nio de Minas exige mais, muito mais, de todos.\u00a0 E o primeiro passo \u00e9 o respeito reverente \u00e0 pr\u00f3pria mem\u00f3ria. , que integra a religiosidade, a cultura e a hist\u00f3ria.<\/p>\n<p>Por isso, a tarefa primeira de cada mineiro \u00e9 enraizar-se mais no pr\u00f3prio ch\u00e3o para contribuir no seu desenvolvimento integral, promovendo, assim, avan\u00e7os e conquistas para todos. Esse \u00e9 o \u00fanico caminho que as autoridades tamb\u00e9m devem percorrer para exercer, de modo nobre, a representatividade do cidad\u00e3o nas institui\u00e7\u00f5es todas.\u00a0 Olhar para si, reconhecer-se como povo que partilha rica hist\u00f3ria e cultura, reconhecer valores, \u00e9 desafio dos mineiros. Oportunidade para o crescimento da consci\u00eancia cidad\u00e3 de pertencer a Minas Gerais e cultivar o santo orgulho de ser gente desta terra. \u00a0Assim, cresce a for\u00e7a e o destemor para defender Minas, trabalhar por seu desenvolvimento e buscar o seu progresso, com a\u00e7\u00f5es efetivas nos campos da infraestrutura, da educa\u00e7\u00e3o e da preserva\u00e7\u00e3o do seu rico patrim\u00f4nio material e imaterial.<\/p>\n<p>A consci\u00eancia de pertencer a Minas deve ser testemunhada por todos para gerar uma uni\u00e3o que fa\u00e7a justi\u00e7a ao protagonismo do Estado no cen\u00e1rio nacional. Nesse sentido, s\u00e3o indispens\u00e1veis a corre\u00e7\u00e3o de rumos, a amplia\u00e7\u00e3o de horizontes e o di\u00e1logo para desenvolver projetos inovadores, audaciosos.\u00a0 Tarefas que exigem superar a subestima\u00e7\u00e3o do patrim\u00f4nio do povo mineiro. E no cen\u00e1rio rico de pluralidades culturais e de riquezas naturais de Minas, h\u00e1 um tesouro que merece aten\u00e7\u00e3o redobrada: a Serra da Piedade.<\/p>\n<p>Entre as serras e as montanhas do Estado, muitas danificadas pela minera\u00e7\u00e3o &#8211; um alerta para a necessidade de novos marcos regulat\u00f3rios -, altaneira e nobre est\u00e1 a Serra da Piedade. Minas, \u201cEstado Diamante\u201d, tem muitas cadeias de montanhas que oferecem in\u00fameras belezas naturais, a aragem e o sil\u00eancio, caracter\u00edsticas \u00fanicas que edificam identidades, moldam um jeito cativante de ser. E a Serra da Piedade abriga uma singularidade entre tantas outras: l\u00e1 est\u00e1 o Santu\u00e1rio da Padroeira de Minas, um complexo paisag\u00edstico e ambiental que agrega biomas importantes- a Mata Atl\u00e2ntica, Cerrado e os Campos Rupestres. Guarda o tesouro de uma hist\u00f3ria &#8211; 250 anos do povo peregrinando na f\u00e9.<\/p>\n<p>Uma Serra, heran\u00e7a mineira que todos devem sempre preservar e defender, para livr\u00e1-la das iniciativas movidas pelo lucro que cega e produz situa\u00e7\u00f5es terr\u00edveis: as feridas no seu entorno. Preservar a Serra da Piedade \u00e9 tarefa de cada cidad\u00e3o, com o qualificado discernimento das inst\u00e2ncias judici\u00e1rias, a garra do Minist\u00e9rio P\u00fablico e a intelig\u00eancia de todo o mundo pol\u00edtico. Todos juntos para cuidar da Serra da Piedade. A intocabilidade da Serra da Piedade e do seu entorno deve ser compromisso legal, bandeira e s\u00edmbolo de uma cidadania mineira l\u00facida, capaz de respeitar o patrim\u00f4nio que \u00e9 de todos, sob a miss\u00e3o guardi\u00e3 da Arquidiocese de Belo Horizonte. Eleger e selar no cora\u00e7\u00e3o a Piedade, o que ela \u00e9, a Serra nobre, eis uma quest\u00e3o de honra para Minas e os mineiros.<\/p>\n<p>Foto:Inernet<\/p>\n<p>Autor:Dom Walmor Oliveira de Azevedo<\/p>\n<p>Arcebispo metropolitano de Belo Horizonte<\/p>\n<p><b>Enviado por:Samir Jared<\/b><\/p>\n<p class=\"x_MsoNormal\">Assessoria de Comunica\u00e7\u00e3o e Marketing<\/p>\n","protected":false},"excerpt":{"rendered":"<p>Minas Gerais s\u00e3o muitas. Um axioma incontest\u00e1vel que registra as marcas culturais que desenham o territ\u00f3rio mineiro com singularidades, tradi\u00e7\u00f5es, riquezas e valores diversificados do Norte ao Sul, do Leste ao Oeste. Singularidades que responsabilizam a cidadania mineira na tarefa de bem administrar essas riquezas todas. E, quando se tem pouco, administrar \u00e9 mais simples,&nbsp;<\/p>\n<p><a class=\"btn btn-style\" href=\"http:\/\/portalcatolico.net\/portal\/piedade-a-serra-nobre\/\">Continue Reading<\/a><\/p>\n","protected":false},"author":2,"featured_media":25397,"comment_status":"open","ping_status":"open","sticky":false,"template":"","format":"standard","meta":{"footnotes":""},"categories":[69],"tags":[],"class_list":["post-25396","post","type-post","status-publish","format-standard","has-post-thumbnail","hentry","category-artigos"],"_links":{"self":[{"href":"http:\/\/portalcatolico.net\/portal\/wp-json\/wp\/v2\/posts\/25396","targetHints":{"allow":["GET"]}}],"collection":[{"href":"http:\/\/portalcatolico.net\/portal\/wp-json\/wp\/v2\/posts"}],"about":[{"href":"http:\/\/portalcatolico.net\/portal\/wp-json\/wp\/v2\/types\/post"}],"author":[{"embeddable":true,"href":"http:\/\/portalcatolico.net\/portal\/wp-json\/wp\/v2\/users\/2"}],"replies":[{"embeddable":true,"href":"http:\/\/portalcatolico.net\/portal\/wp-json\/wp\/v2\/comments?post=25396"}],"version-history":[{"count":2,"href":"http:\/\/portalcatolico.net\/portal\/wp-json\/wp\/v2\/posts\/25396\/revisions"}],"predecessor-version":[{"id":25399,"href":"http:\/\/portalcatolico.net\/portal\/wp-json\/wp\/v2\/posts\/25396\/revisions\/25399"}],"wp:featuredmedia":[{"embeddable":true,"href":"http:\/\/portalcatolico.net\/portal\/wp-json\/wp\/v2\/media\/25397"}],"wp:attachment":[{"href":"http:\/\/portalcatolico.net\/portal\/wp-json\/wp\/v2\/media?parent=25396"}],"wp:term":[{"taxonomy":"category","embeddable":true,"href":"http:\/\/portalcatolico.net\/portal\/wp-json\/wp\/v2\/categories?post=25396"},{"taxonomy":"post_tag","embeddable":true,"href":"http:\/\/portalcatolico.net\/portal\/wp-json\/wp\/v2\/tags?post=25396"}],"curies":[{"name":"wp","href":"https:\/\/api.w.org\/{rel}","templated":true}]}}