{"id":25392,"date":"2017-04-19T21:46:37","date_gmt":"2017-04-19T21:46:37","guid":{"rendered":"http:\/\/portalcatolico.net\/portal\/?p=25392"},"modified":"2017-04-19T21:46:37","modified_gmt":"2017-04-19T21:46:37","slug":"regional-nordeste-3-prepara-seminario-laudato-si-que-sera-realizado-em-outubro","status":"publish","type":"post","link":"http:\/\/portalcatolico.net\/portal\/regional-nordeste-3-prepara-seminario-laudato-si-que-sera-realizado-em-outubro\/","title":{"rendered":"Regional Nordeste 3 prepara Semin\u00e1rio Laudato Si que ser\u00e1 realizado em Outubro"},"content":{"rendered":"<p>Com o objetivo de aprofundar a Enc\u00edclica <em>Laudato Si<\/em> do papa Francisco, o Regional Nordeste 3 da CNBB realizar\u00e1 entre 27 e 29 de outubro deste ano um semin\u00e1rio reunindo todas as Dioceses da Bahia e de Sergipe em Feira de Santana.<\/p>\n<p>Para preparar este evento, representantes da Igreja, de universidades e organismos se reuniram na manh\u00e3 desta quarta-feira, 19, no intuito de tra\u00e7ar as principais estrat\u00e9gias e m\u00e9todos para realizar o semin\u00e1rio.<\/p>\n<p>Dom Gilson Andrade, bispo auxiliar da Arquidiocese de Salvador e Secret\u00e1rio da CNBB NE3, explicou que a proposta \u00e9 realizar esse semin\u00e1rio a partir da dimens\u00e3o da f\u00e9, da doutrina social da Igreja e focada na Laudato Si: \u201cessa nossa demanda vem ao encontro do que est\u00e1 sendo proposto a n\u00edvel nacional. Queremos atingir v\u00e1rios setores e n\u00e3o ficar reservado ao nosso mundo eclesial. Por isso, queremos a colabora\u00e7\u00e3o de todos\u201d, explicou<\/p>\n<p>Este Semin\u00e1rio ser\u00e1 a culmin\u00e2ncia de diversas reuni\u00f5es realizadas nas sub-regi\u00f5es pastorais e que j\u00e1 t\u00eam refletido sobre outros modelos de produ\u00e7\u00e3o e desenvolvimento pautados em uma sociedade do bem-viver e em sintonia com o meio ambiente.<\/p>\n<p>O semin\u00e1rio ser\u00e1 realizado com a importante parceria de universidades, ONGs, pastorais sociais bem como diversos agentes envolvidos na an\u00e1lise, diagn\u00f3stico e na proposta de solu\u00e7\u00f5es para a quest\u00e3o ambiental.<\/p>\n<p>O encontro foi assessorado pelo representante nacional da CNBB, Roberto Malvezzi que destacou que a Enc\u00edclica<em>Laudato Si<\/em> fala de modo especial ao nosso tempo \u201cpor isso, n\u00e3o \u00e9 poss\u00edvel deix\u00e1-la na gaveta, mas \u00e9 preciso lev\u00e1-las \u00e0s nossas comunidades, ao povo\u201d, disse.<\/p>\n<p>Dom Jo\u00e3o Carlos Petrini, bispo de Cama\u00e7ari e presidente da CNBB NE3, ressaltou que \u00e9 necess\u00e1rio entender o que o documento diz, segundo a nossa realidade: \u201ca enc\u00edclica fala de uma ecologia integral, ligada ao nosso ambiente cotidiano, \u00e0 realidade urbana que afeta nossas fam\u00edlias e comunidades. Nosso foco s\u00e3o as pessoas\u201d, finalizou.<\/p>\n<p>Foto: Caio Barbosa<\/p>\n<p>Fonte:CNBBNE3<\/p>\n","protected":false},"excerpt":{"rendered":"<p>Com o objetivo de aprofundar a Enc\u00edclica Laudato Si do papa Francisco, o Regional Nordeste 3 da CNBB realizar\u00e1 entre 27 e 29 de outubro deste ano um semin\u00e1rio reunindo todas as Dioceses da Bahia e de Sergipe em Feira de Santana. Para preparar este evento, representantes da Igreja, de universidades e organismos se reuniram&nbsp;<\/p>\n<p><a class=\"btn btn-style\" href=\"http:\/\/portalcatolico.net\/portal\/regional-nordeste-3-prepara-seminario-laudato-si-que-sera-realizado-em-outubro\/\">Continue Reading<\/a><\/p>\n","protected":false},"author":2,"featured_media":25393,"comment_status":"open","ping_status":"open","sticky":false,"template":"","format":"standard","meta":{"footnotes":""},"categories":[3],"tags":[],"class_list":["post-25392","post","type-post","status-publish","format-standard","has-post-thumbnail","hentry","category-noticias_regionais"],"_links":{"self":[{"href":"http:\/\/portalcatolico.net\/portal\/wp-json\/wp\/v2\/posts\/25392","targetHints":{"allow":["GET"]}}],"collection":[{"href":"http:\/\/portalcatolico.net\/portal\/wp-json\/wp\/v2\/posts"}],"about":[{"href":"http:\/\/portalcatolico.net\/portal\/wp-json\/wp\/v2\/types\/post"}],"author":[{"embeddable":true,"href":"http:\/\/portalcatolico.net\/portal\/wp-json\/wp\/v2\/users\/2"}],"replies":[{"embeddable":true,"href":"http:\/\/portalcatolico.net\/portal\/wp-json\/wp\/v2\/comments?post=25392"}],"version-history":[{"count":1,"href":"http:\/\/portalcatolico.net\/portal\/wp-json\/wp\/v2\/posts\/25392\/revisions"}],"predecessor-version":[{"id":25394,"href":"http:\/\/portalcatolico.net\/portal\/wp-json\/wp\/v2\/posts\/25392\/revisions\/25394"}],"wp:featuredmedia":[{"embeddable":true,"href":"http:\/\/portalcatolico.net\/portal\/wp-json\/wp\/v2\/media\/25393"}],"wp:attachment":[{"href":"http:\/\/portalcatolico.net\/portal\/wp-json\/wp\/v2\/media?parent=25392"}],"wp:term":[{"taxonomy":"category","embeddable":true,"href":"http:\/\/portalcatolico.net\/portal\/wp-json\/wp\/v2\/categories?post=25392"},{"taxonomy":"post_tag","embeddable":true,"href":"http:\/\/portalcatolico.net\/portal\/wp-json\/wp\/v2\/tags?post=25392"}],"curies":[{"name":"wp","href":"https:\/\/api.w.org\/{rel}","templated":true}]}}