{"id":25389,"date":"2017-04-19T21:29:41","date_gmt":"2017-04-19T21:29:41","guid":{"rendered":"http:\/\/portalcatolico.net\/portal\/?p=25389"},"modified":"2017-04-19T21:29:41","modified_gmt":"2017-04-19T21:29:41","slug":"devotos-participarao-de-triduo-e-festa-em-homenagem-a-sao-jorge","status":"publish","type":"post","link":"http:\/\/portalcatolico.net\/portal\/devotos-participarao-de-triduo-e-festa-em-homenagem-a-sao-jorge\/","title":{"rendered":"Devotos participar\u00e3o de tr\u00edduo e festa em homenagem a S\u00e3o Jorge"},"content":{"rendered":"<p>Os devotos de S\u00e3o Jorge est\u00e3o em festa. De 20 a 22 de abril a par\u00f3quia dedicada ao santo, localizada no bairro do Jardim Cruzeiro, realizar\u00e1 um tr\u00edduo preparat\u00f3rio, sempre com in\u00edcio \u00e0s 19h. A cada noite ser\u00e1 abordado um tema: \u201cS\u00e3o Jorge: Testemunho de Esperan\u00e7a\u201d (1\u00aa noite), \u201cS\u00e3o Jorge: Testemunho de Caridade\u201d (2\u00ba dia) e \u201cS\u00e3o Jorge: Testemunho de amor\u201d (3\u00ba dia).<\/p>\n<p>Na data dedicada a S\u00e3o Jorge (23) a programa\u00e7\u00e3o conta com uma alvorada \u00e0s 5h, seguida de Missas \u00e0s 8h e \u00e0s 13h, ambas presididas pelo p\u00e1roco, padre Cl\u00f3vis Souza Santos. A partir das 16h haver\u00e1 uma caminhada saindo do Largo de Roma e seguindo em dire\u00e7\u00e3o \u00e0 matriz da par\u00f3quia S\u00e3o Jorge, encerrando com a b\u00ean\u00e7\u00e3o com o Sant\u00edssimo Sacramento.<\/p>\n<p>Para encerrar os festejos, o bispo auxiliar Dom Gilson Andrade da Silva presidir\u00e1 a Missa Solene, \u00e0s 19h.<\/p>\n<p><strong>S\u00e3o Jorge<\/strong><\/p>\n<p><strong>\u00a0<\/strong>Nascido por volta do s\u00e9culo III, na Capad\u00f3cia, regi\u00e3o que atualmente pertence \u00e0 Turquia, e filho de pais crist\u00e3os, Jorge aprendeu ainda na inf\u00e2ncia a ser obediente a Deus e a crer em Jesus Cristo como o seu \u00fanico Salvador. Ap\u00f3s a morte do pai, mudou-se para a Palestina com sua m\u00e3e, onde foi promovido a capit\u00e3o do ex\u00e9rcito romano devido a sua dedica\u00e7\u00e3o e, aos 23 anos, j\u00e1 exercia altas fun\u00e7\u00f5es na corte imperial.<\/p>\n<p>Na \u00e9poca, o imperador Diocleciano planejava mandar matar todos os crist\u00e3os e, no dia em que o senado confirmaria o decreto imperial, Jorge declarou-se espantado com a decis\u00e3o e passou a afirmar que os \u00eddolos adorados nos templos pag\u00e3os eram falsos deuses, e defendeu somente a f\u00e9 em Jesus Cristo. Ao ouvi-lo, o imperador mandou tortur\u00e1-lo at\u00e9 que ele negasse a f\u00e9 em Jesus, entretanto Jorge continuou firme como servo de Deus e n\u00e3o fez o que o imperador queria. Insatisfeito com a postura de Jorge, Diocleciano mandou degol\u00e1-lo no dia 23 de abril de 303.<\/p>\n<p>Por Assessoria de Comunica\u00e7\u00e3o<\/p>\n<p>Arquidiocese de Salvador<\/p>\n","protected":false},"excerpt":{"rendered":"<p>Os devotos de S\u00e3o Jorge est\u00e3o em festa. De 20 a 22 de abril a par\u00f3quia dedicada ao santo, localizada no bairro do Jardim Cruzeiro, realizar\u00e1 um tr\u00edduo preparat\u00f3rio, sempre com in\u00edcio \u00e0s 19h. A cada noite ser\u00e1 abordado um tema: \u201cS\u00e3o Jorge: Testemunho de Esperan\u00e7a\u201d (1\u00aa noite), \u201cS\u00e3o Jorge: Testemunho de Caridade\u201d (2\u00ba dia)&nbsp;<\/p>\n<p><a class=\"btn btn-style\" href=\"http:\/\/portalcatolico.net\/portal\/devotos-participarao-de-triduo-e-festa-em-homenagem-a-sao-jorge\/\">Continue Reading<\/a><\/p>\n","protected":false},"author":2,"featured_media":25390,"comment_status":"open","ping_status":"open","sticky":false,"template":"","format":"standard","meta":{"footnotes":""},"categories":[3],"tags":[],"class_list":["post-25389","post","type-post","status-publish","format-standard","has-post-thumbnail","hentry","category-noticias_regionais"],"_links":{"self":[{"href":"http:\/\/portalcatolico.net\/portal\/wp-json\/wp\/v2\/posts\/25389","targetHints":{"allow":["GET"]}}],"collection":[{"href":"http:\/\/portalcatolico.net\/portal\/wp-json\/wp\/v2\/posts"}],"about":[{"href":"http:\/\/portalcatolico.net\/portal\/wp-json\/wp\/v2\/types\/post"}],"author":[{"embeddable":true,"href":"http:\/\/portalcatolico.net\/portal\/wp-json\/wp\/v2\/users\/2"}],"replies":[{"embeddable":true,"href":"http:\/\/portalcatolico.net\/portal\/wp-json\/wp\/v2\/comments?post=25389"}],"version-history":[{"count":1,"href":"http:\/\/portalcatolico.net\/portal\/wp-json\/wp\/v2\/posts\/25389\/revisions"}],"predecessor-version":[{"id":25391,"href":"http:\/\/portalcatolico.net\/portal\/wp-json\/wp\/v2\/posts\/25389\/revisions\/25391"}],"wp:featuredmedia":[{"embeddable":true,"href":"http:\/\/portalcatolico.net\/portal\/wp-json\/wp\/v2\/media\/25390"}],"wp:attachment":[{"href":"http:\/\/portalcatolico.net\/portal\/wp-json\/wp\/v2\/media?parent=25389"}],"wp:term":[{"taxonomy":"category","embeddable":true,"href":"http:\/\/portalcatolico.net\/portal\/wp-json\/wp\/v2\/categories?post=25389"},{"taxonomy":"post_tag","embeddable":true,"href":"http:\/\/portalcatolico.net\/portal\/wp-json\/wp\/v2\/tags?post=25389"}],"curies":[{"name":"wp","href":"https:\/\/api.w.org\/{rel}","templated":true}]}}