{"id":25386,"date":"2017-04-19T21:23:52","date_gmt":"2017-04-19T21:23:52","guid":{"rendered":"http:\/\/portalcatolico.net\/portal\/?p=25386"},"modified":"2017-04-19T21:23:52","modified_gmt":"2017-04-19T21:23:52","slug":"jequie-vem-ai-as-inscricoes-para-o-4o-fecami-festival-catolico-de-musicas-ineditas","status":"publish","type":"post","link":"http:\/\/portalcatolico.net\/portal\/jequie-vem-ai-as-inscricoes-para-o-4o-fecami-festival-catolico-de-musicas-ineditas\/","title":{"rendered":"Jequi\u00e9-Vem a\u00ed as Inscri\u00e7\u00f5es para o &#8220;4\u00ba Fecami &#8211; Festival Cat\u00f3lico de M\u00fasicas In\u00e9ditas&#8221;."},"content":{"rendered":"<p><em>O evento tem como objetivo promover a evangeliza\u00e7\u00e3o por meio de atividades culturais, especificamente a m\u00fasica, visto que a mesma, \u00e9 uma ferramenta bastante eficaz para transmitir a palavra de Deus.<\/em><\/p>\n<p><em>\u00a0<\/em><em>O Festival ser\u00e1 no dia\u00a019 de agosto, \u00e0s 18h, em Jequi\u00e9 (BA). Ser\u00e3o lan\u00e7adas musicas in\u00e9ditas de Jequi\u00e9 e regi\u00e3o, e teremos tamb\u00e9m a participa\u00e7\u00e3o especial da cantora cat\u00f3lica\u00a0Adriana Arydes.\u00a0<\/em><\/p>\n<p><em>As fichas de inscri\u00e7\u00f5es s\u00e3o limitadas (11 fichas no total) e estar\u00e3o dispon\u00edveis nas \u00d3ticas Carisma e Loja Multsom, a partir de segunda 24\/04\/2017 no valor de R$65,00 (j\u00e1 com DVD do evento incluso &#8211; Parceria Creative Films).<\/em><\/p>\n<p><em>A realiza\u00e7\u00e3o \u00e9 da Coordena\u00e7\u00e3o do Fecami com apoio das par\u00f3quias de S\u00e3o Jos\u00e9 Oper\u00e1rio e Esp\u00edrito Santo, pertencente \u00e0 Diocese de Jequi\u00e9.<\/em><\/p>\n<p><em>\u00a0<\/em><em>Apoio: Portal Cat\u00f3lico Net, Movimento Juec Paz,\u00a0\u00d3ticas\u00a0Carisma, Visualize e FTC.<\/em><\/p>\n<p><em>Outras informa\u00e7\u00f5es por telefone<\/em><em>(73) 98831-3426<\/em><\/p>\n<p><em>Por <\/em><em>Mizael Souza<\/em><\/p>\n","protected":false},"excerpt":{"rendered":"<p>O evento tem como objetivo promover a evangeliza\u00e7\u00e3o por meio de atividades culturais, especificamente a m\u00fasica, visto que a mesma, \u00e9 uma ferramenta bastante eficaz para transmitir a palavra de Deus. \u00a0O Festival ser\u00e1 no dia\u00a019 de agosto, \u00e0s 18h, em Jequi\u00e9 (BA). Ser\u00e3o lan\u00e7adas musicas in\u00e9ditas de Jequi\u00e9 e regi\u00e3o, e teremos tamb\u00e9m a&nbsp;<\/p>\n<p><a class=\"btn btn-style\" href=\"http:\/\/portalcatolico.net\/portal\/jequie-vem-ai-as-inscricoes-para-o-4o-fecami-festival-catolico-de-musicas-ineditas\/\">Continue Reading<\/a><\/p>\n","protected":false},"author":2,"featured_media":25387,"comment_status":"open","ping_status":"open","sticky":false,"template":"","format":"standard","meta":{"footnotes":""},"categories":[1],"tags":[],"class_list":["post-25386","post","type-post","status-publish","format-standard","has-post-thumbnail","hentry","category-agenda"],"_links":{"self":[{"href":"http:\/\/portalcatolico.net\/portal\/wp-json\/wp\/v2\/posts\/25386","targetHints":{"allow":["GET"]}}],"collection":[{"href":"http:\/\/portalcatolico.net\/portal\/wp-json\/wp\/v2\/posts"}],"about":[{"href":"http:\/\/portalcatolico.net\/portal\/wp-json\/wp\/v2\/types\/post"}],"author":[{"embeddable":true,"href":"http:\/\/portalcatolico.net\/portal\/wp-json\/wp\/v2\/users\/2"}],"replies":[{"embeddable":true,"href":"http:\/\/portalcatolico.net\/portal\/wp-json\/wp\/v2\/comments?post=25386"}],"version-history":[{"count":1,"href":"http:\/\/portalcatolico.net\/portal\/wp-json\/wp\/v2\/posts\/25386\/revisions"}],"predecessor-version":[{"id":25388,"href":"http:\/\/portalcatolico.net\/portal\/wp-json\/wp\/v2\/posts\/25386\/revisions\/25388"}],"wp:featuredmedia":[{"embeddable":true,"href":"http:\/\/portalcatolico.net\/portal\/wp-json\/wp\/v2\/media\/25387"}],"wp:attachment":[{"href":"http:\/\/portalcatolico.net\/portal\/wp-json\/wp\/v2\/media?parent=25386"}],"wp:term":[{"taxonomy":"category","embeddable":true,"href":"http:\/\/portalcatolico.net\/portal\/wp-json\/wp\/v2\/categories?post=25386"},{"taxonomy":"post_tag","embeddable":true,"href":"http:\/\/portalcatolico.net\/portal\/wp-json\/wp\/v2\/tags?post=25386"}],"curies":[{"name":"wp","href":"https:\/\/api.w.org\/{rel}","templated":true}]}}