{"id":25356,"date":"2017-04-21T00:12:35","date_gmt":"2017-04-21T00:12:35","guid":{"rendered":"http:\/\/portalcatolico.net\/portal\/?p=25356"},"modified":"2017-04-21T21:06:45","modified_gmt":"2017-04-21T21:06:45","slug":"vem-ai-a-ordenacao-diaconal-do-frater-gildevan-participe","status":"publish","type":"post","link":"http:\/\/portalcatolico.net\/portal\/vem-ai-a-ordenacao-diaconal-do-frater-gildevan-participe\/","title":{"rendered":"Vem a\u00ed a Ordena\u00e7\u00e3o Diaconal do frater  Gildevan. Participe!"},"content":{"rendered":"<p class=\"m_5223413991472388684xgmail-msonospacing\"><em>A Congrega\u00e7\u00e3o do Sant\u00edssimo Redentor presente na vice- prov\u00edncia \u00a0Redentorista da Bahia tem a alegria de convidar \u00a0toda a comunidade ,voc\u00ea e sua fam\u00edlia para a Celebra\u00e7\u00e3o Eucar\u00edstica de Ordena\u00e7\u00e3o Diaconal do frater\u00a0 e religioso Gildevan Pinto Rocha, CSsR , \u00a0que Sera feita pela imposi\u00e7\u00e3o das m\u00e3os e ora\u00e7\u00e3o da Consecrat\u00f3ria de Dom Ceslau Stanula, CSsR, (bispo\u00a0Em\u00e9rito\u00a0da Diocese de Itabuna).<u><\/u><u><\/u><\/em><\/p>\n<p class=\"m_5223413991472388684xgmail-msonospacing\"><em>A Celebra\u00e7\u00e3o\u00a0 de ordena\u00e7\u00e3o acontecer\u00e1 neste domingo, dia 23 de abril, \u00e0s 9h30min, na Par\u00f3quia Nossa Senhora da Piedade, situada no bairro Maria Pinheiro, em Itabuna (BA).<\/em><u><\/u><u><\/u><\/p>\n<p class=\"m_5223413991472388684xgmail-msonospacing\"><em>Para confirmar presen\u00e7a, favor entrar em contato pelos telefones (73)3617-8877\/98833-0993. \u00a0<\/em><u><\/u><u><\/u><\/p>\n<p class=\"m_5223413991472388684xgmail-msonospacing\"><em>O Portal Cat\u00f3lico Web R\u00e1dio estar\u00e1 transmitindo em tempo real a ordena\u00e7\u00e3o \u00a0via internet. Para ter acesso\u00a0 \u00e0 transmiss\u00e3o ao vivo, baixe nosso<\/em><span class=\"m_5223413991472388684apple-converted-space\"><i>\u00a0<\/i><\/span><i>aplicativo\u00a0<a href=\"https:\/\/play.google.com\/store\/apps\/details?id=com.shoutcast.stm.portalcatolico\" target=\"_blank\" data-saferedirecturl=\"https:\/\/www.google.com\/url?hl=pt-BR&amp;q=https:\/\/play.google.com\/store\/apps\/details?id%3Dcom.shoutcast.stm.portalcatolico&amp;source=gmail&amp;ust=1492560355929000&amp;usg=AFQjCNGFUQs2ChV4uR-jNUuA2Hqh5-C8vQ\">https:\/\/play.<wbr \/>google.com\/store\/apps\/details?<wbr \/>id=com.shoutcast.stm.<wbr \/>portalcatolico<\/a>\u00a0ou ou\u00e7a pelo site:\u00a0<a href=\"http:\/\/www.portalcatolico.net\/\" target=\"_blank\" data-saferedirecturl=\"https:\/\/www.google.com\/url?hl=pt-BR&amp;q=http:\/\/www.portalcatolico.net\/&amp;source=gmail&amp;ust=1492560355929000&amp;usg=AFQjCNFjD0cM_Tn_wwyBS3lTi7yBP1Wk0A\">www.portalcatolico.net<\/a>\u00a0 \u00a0\u00a0<\/i><u><\/u><u><\/u><\/p>\n<p class=\"m_5223413991472388684xgmail-msonospacing\">Texto e foto:Portal Cat\u00f3lico.net<\/p>\n","protected":false},"excerpt":{"rendered":"<p>A Congrega\u00e7\u00e3o do Sant\u00edssimo Redentor presente na vice- prov\u00edncia \u00a0Redentorista da Bahia tem a alegria de convidar \u00a0toda a comunidade ,voc\u00ea e sua fam\u00edlia para a Celebra\u00e7\u00e3o Eucar\u00edstica de Ordena\u00e7\u00e3o Diaconal do frater\u00a0 e religioso Gildevan Pinto Rocha, CSsR , \u00a0que Sera feita pela imposi\u00e7\u00e3o das m\u00e3os e ora\u00e7\u00e3o da Consecrat\u00f3ria de Dom Ceslau Stanula,&nbsp;<\/p>\n<p><a class=\"btn btn-style\" href=\"http:\/\/portalcatolico.net\/portal\/vem-ai-a-ordenacao-diaconal-do-frater-gildevan-participe\/\">Continue Reading<\/a><\/p>\n","protected":false},"author":2,"featured_media":25357,"comment_status":"open","ping_status":"open","sticky":false,"template":"","format":"standard","meta":{"footnotes":""},"categories":[1],"tags":[],"class_list":["post-25356","post","type-post","status-publish","format-standard","has-post-thumbnail","hentry","category-agenda"],"_links":{"self":[{"href":"http:\/\/portalcatolico.net\/portal\/wp-json\/wp\/v2\/posts\/25356","targetHints":{"allow":["GET"]}}],"collection":[{"href":"http:\/\/portalcatolico.net\/portal\/wp-json\/wp\/v2\/posts"}],"about":[{"href":"http:\/\/portalcatolico.net\/portal\/wp-json\/wp\/v2\/types\/post"}],"author":[{"embeddable":true,"href":"http:\/\/portalcatolico.net\/portal\/wp-json\/wp\/v2\/users\/2"}],"replies":[{"embeddable":true,"href":"http:\/\/portalcatolico.net\/portal\/wp-json\/wp\/v2\/comments?post=25356"}],"version-history":[{"count":2,"href":"http:\/\/portalcatolico.net\/portal\/wp-json\/wp\/v2\/posts\/25356\/revisions"}],"predecessor-version":[{"id":25366,"href":"http:\/\/portalcatolico.net\/portal\/wp-json\/wp\/v2\/posts\/25356\/revisions\/25366"}],"wp:featuredmedia":[{"embeddable":true,"href":"http:\/\/portalcatolico.net\/portal\/wp-json\/wp\/v2\/media\/25357"}],"wp:attachment":[{"href":"http:\/\/portalcatolico.net\/portal\/wp-json\/wp\/v2\/media?parent=25356"}],"wp:term":[{"taxonomy":"category","embeddable":true,"href":"http:\/\/portalcatolico.net\/portal\/wp-json\/wp\/v2\/categories?post=25356"},{"taxonomy":"post_tag","embeddable":true,"href":"http:\/\/portalcatolico.net\/portal\/wp-json\/wp\/v2\/tags?post=25356"}],"curies":[{"name":"wp","href":"https:\/\/api.w.org\/{rel}","templated":true}]}}