{"id":17054,"date":"2017-01-25T01:33:23","date_gmt":"2017-01-25T01:33:23","guid":{"rendered":"http:\/\/portalcatolico.net\/portal\/?p=17054"},"modified":"2017-01-25T01:34:07","modified_gmt":"2017-01-25T01:34:07","slug":"paroquia-senhor-deus-menino-de-ibicarai-esta-em-festa","status":"publish","type":"post","link":"http:\/\/portalcatolico.net\/portal\/paroquia-senhor-deus-menino-de-ibicarai-esta-em-festa\/","title":{"rendered":"Par\u00f3quia Senhor Deus Menino de Ibicara\u00ed est\u00e1 em festa!"},"content":{"rendered":"<p class=\"m_-2798485487653139104xgmail-msonospacing\" style=\"text-align: justify;\"><em>As festividades Par\u00f3quia Senhor Deus Menino come\u00e7ou nesta ter\u00e7a-feira (24) e segue at\u00e9 o dia 2 de fevereiro. Est\u00e1 acontecendo o Noven\u00e1rio em prepara\u00e7\u00e3o ao grande dia de celebrar o glorioso e padroeiro da cidade de Ibicara\u00ed (BA),o Senhor Deus Menino. O tema central para este ano \u00e9: \u201cIgreja: Comunidade que partilha os dons e os bens\u201d.<\/em><u><\/u><u><\/u><\/p>\n<p class=\"m_-2798485487653139104xgmail-msonospacing\" style=\"text-align: justify;\"><em>A novena \u00a0\u00e9 uma experi\u00eancia de ora\u00e7\u00e3o com Deus durante nove noites. As ora\u00e7\u00f5es s\u00e3o um meio de louvar e agradecer ao nosso \u00a0Deus.<\/em><u><\/u><u><\/u><\/p>\n<p class=\"m_-2798485487653139104xgmail-msonospacing\" style=\"text-align: justify;\"><em>As\u00a0 Celebra\u00e7\u00f5es Eucar\u00edsticas acontecem todas as noites.<\/em><u><\/u><u><\/u><\/p>\n<p class=\"m_-2798485487653139104xgmail-msonospacing\" style=\"text-align: justify;\"><em>Participe!<\/em><\/p>\n<p class=\"m_-2798485487653139104xgmail-msonospacing\" style=\"text-align: justify;\">Foto:Reprodu\u00e7\u00e3o\/Facebook<\/p>\n<p class=\"m_-2798485487653139104xgmail-msonospacing\" style=\"text-align: justify;\">Por:Reda\u00e7\u00e3o Portal Cat\u00f3lico<\/p>\n","protected":false},"excerpt":{"rendered":"<p>As festividades Par\u00f3quia Senhor Deus Menino come\u00e7ou nesta ter\u00e7a-feira (24) e segue at\u00e9 o dia 2 de fevereiro. Est\u00e1 acontecendo o Noven\u00e1rio em prepara\u00e7\u00e3o ao grande dia de celebrar o glorioso e padroeiro da cidade de Ibicara\u00ed (BA),o Senhor Deus Menino. O tema central para este ano \u00e9: \u201cIgreja: Comunidade que partilha os dons e&nbsp;<\/p>\n<p><a class=\"btn btn-style\" href=\"http:\/\/portalcatolico.net\/portal\/paroquia-senhor-deus-menino-de-ibicarai-esta-em-festa\/\">Continue Reading<\/a><\/p>\n","protected":false},"author":2,"featured_media":17055,"comment_status":"open","ping_status":"open","sticky":false,"template":"","format":"standard","meta":{"footnotes":""},"categories":[4],"tags":[],"class_list":["post-17054","post","type-post","status-publish","format-standard","has-post-thumbnail","hentry","category-destaques"],"_links":{"self":[{"href":"http:\/\/portalcatolico.net\/portal\/wp-json\/wp\/v2\/posts\/17054","targetHints":{"allow":["GET"]}}],"collection":[{"href":"http:\/\/portalcatolico.net\/portal\/wp-json\/wp\/v2\/posts"}],"about":[{"href":"http:\/\/portalcatolico.net\/portal\/wp-json\/wp\/v2\/types\/post"}],"author":[{"embeddable":true,"href":"http:\/\/portalcatolico.net\/portal\/wp-json\/wp\/v2\/users\/2"}],"replies":[{"embeddable":true,"href":"http:\/\/portalcatolico.net\/portal\/wp-json\/wp\/v2\/comments?post=17054"}],"version-history":[{"count":2,"href":"http:\/\/portalcatolico.net\/portal\/wp-json\/wp\/v2\/posts\/17054\/revisions"}],"predecessor-version":[{"id":17057,"href":"http:\/\/portalcatolico.net\/portal\/wp-json\/wp\/v2\/posts\/17054\/revisions\/17057"}],"wp:featuredmedia":[{"embeddable":true,"href":"http:\/\/portalcatolico.net\/portal\/wp-json\/wp\/v2\/media\/17055"}],"wp:attachment":[{"href":"http:\/\/portalcatolico.net\/portal\/wp-json\/wp\/v2\/media?parent=17054"}],"wp:term":[{"taxonomy":"category","embeddable":true,"href":"http:\/\/portalcatolico.net\/portal\/wp-json\/wp\/v2\/categories?post=17054"},{"taxonomy":"post_tag","embeddable":true,"href":"http:\/\/portalcatolico.net\/portal\/wp-json\/wp\/v2\/tags?post=17054"}],"curies":[{"name":"wp","href":"https:\/\/api.w.org\/{rel}","templated":true}]}}