{"id":17051,"date":"2017-01-25T01:28:19","date_gmt":"2017-01-25T01:28:19","guid":{"rendered":"http:\/\/portalcatolico.net\/portal\/?p=17051"},"modified":"2017-01-25T01:55:26","modified_gmt":"2017-01-25T01:55:26","slug":"enf-e-loja-da-rcc-brasil-prometem-surpreender-os-participantes-de-2017-confira-as-novidades","status":"publish","type":"post","link":"http:\/\/portalcatolico.net\/portal\/enf-e-loja-da-rcc-brasil-prometem-surpreender-os-participantes-de-2017-confira-as-novidades\/","title":{"rendered":"ENF e Loja da RCC Brasil prometem surpreender os participantes de 2017. Confira as novidades!"},"content":{"rendered":"<p>No Encontro Nacional de Forma\u00e7\u00e3o 2017, a loja da RCCBRASIL est\u00e1 prevista para ser aberta \u00e0s 14h, da quarta-feira (25). E tem muitas novidades para todos os carism\u00e1ticos participantes do evento. Nesse ano, s\u00e3o mais de 10 novos produtos e em novas vers\u00f5es para atender a todos os membros dos Grupos de Ora\u00e7\u00e3o do pa\u00eds. Outro avan\u00e7o nessa edi\u00e7\u00e3o do evento \u00e9 que, a pedido de muitos participantes, a RCCBRASIL preparou um espa\u00e7o mais amplo para que todos aproveitem a visita a loja com mais conforto e tranquilidade.<\/p>\n<p>S\u00e3o v\u00e1rios os produtos que ser\u00e3o lan\u00e7ados no ENF. Livros, apostilas, acess\u00f3rios evestu\u00e1rios fresquinhos est\u00e3o chegando para que os participantes do evento possam levar as novidades de 2017 para todas as dioceses.\u00a0 V\u00e1rios Minist\u00e9rios est\u00e3o lan\u00e7ando produtos que estavam sendo aguardados pelos servos do Movimento. Fique atento e j\u00e1 vai se preparando para adquirir todas essas novidades.<u><\/u><u><\/u><\/p>\n<p>Al\u00e9m de livros e apostilas, camisas e batas, inclusive a camiseta tema do ano ser\u00e3o vendidas em v\u00e1rias cores e tamanhos estar\u00e3o dispon\u00edveis na loja da RCCBRASIL durante o evento.Outra novidade s\u00e3o os produtos do Jubileu de Ouro. Para o ENF foram confeccionadas camisetas, squeezes, velas e chaveiros com a marca oficial dos 50 anos da Renova\u00e7\u00e3o Carism\u00e1tica, e diversos souvenir da comunidade Pequeno Monge e do Maraj\u00f3.<u><\/u><u><\/u><\/p>\n<p>Tamb\u00e9m ser\u00e3o disponibilizados diversos materiais de outras editoras, como livros, Cds e DVDs.<u><\/u><u><\/u><\/p>\n<p>Durante o ENF, o site da Loja da RCCBRASIL continuar\u00e1 dispon\u00edvel para vendas, por\u00e9m, os produtos ser\u00e3o processados apenas a partir do dia 10 de fevereiro. A previs\u00e3o \u00e9 que durante o evento os produtos lan\u00e7ados no ENF tamb\u00e9m estejam dispon\u00edveis para compra no site<span class=\"m_4818265720630536884apple-converted-space\">\u00a0<\/span><a href=\"http:\/\/rccshop.com.br\/\" target=\"_blank\" data-saferedirecturl=\"https:\/\/www.google.com\/url?hl=pt-BR&amp;q=http:\/\/rccshop.com.br\/&amp;source=gmail&amp;ust=1485393764575000&amp;usg=AFQjCNHIqvaLNNv1eEbwbJy8YTG_oVvIjQ\">rccshop.com.br<\/a>.<u><\/u><u><\/u><\/p>\n<p>Nesse ano, a loja ocupa um espa\u00e7o de 2.600m\u00b2 e ter\u00e1 40 caixas funcionando durante o evento. Os coordenadores diocesanos ter\u00e3o uma sala climatizada dentro da loja da RCCBRASIL, e tamb\u00e9m um caixa r\u00e1pido, em que os pr\u00f3prios coordenadores poder\u00e3o separar os seus produtos e finalizar o seu pedido nessa sala, ainda dentro da loja.Al\u00e9m disso, uma TV de 42 polegadas ser\u00e1 instalada no caixa da loja para que todas as pessoas que aguardam a finaliza\u00e7\u00e3o da compra do produto permane\u00e7am acompanhando tudo o que acontece no palco do Centro de Eventos.<u><\/u><u><\/u><\/p>\n<p>Acesse o site e confira com detalhes todas as novidades!<\/p>\n<p>Por:Portal Cat\u00f3lico<\/p>\n","protected":false},"excerpt":{"rendered":"<p>No Encontro Nacional de Forma\u00e7\u00e3o 2017, a loja da RCCBRASIL est\u00e1 prevista para ser aberta \u00e0s 14h, da quarta-feira (25). E tem muitas novidades para todos os carism\u00e1ticos participantes do evento. Nesse ano, s\u00e3o mais de 10 novos produtos e em novas vers\u00f5es para atender a todos os membros dos Grupos de Ora\u00e7\u00e3o do pa\u00eds.&nbsp;<\/p>\n<p><a class=\"btn btn-style\" href=\"http:\/\/portalcatolico.net\/portal\/enf-e-loja-da-rcc-brasil-prometem-surpreender-os-participantes-de-2017-confira-as-novidades\/\">Continue Reading<\/a><\/p>\n","protected":false},"author":2,"featured_media":17052,"comment_status":"open","ping_status":"open","sticky":false,"template":"","format":"standard","meta":{"footnotes":""},"categories":[3],"tags":[],"class_list":["post-17051","post","type-post","status-publish","format-standard","has-post-thumbnail","hentry","category-noticias_regionais"],"_links":{"self":[{"href":"http:\/\/portalcatolico.net\/portal\/wp-json\/wp\/v2\/posts\/17051","targetHints":{"allow":["GET"]}}],"collection":[{"href":"http:\/\/portalcatolico.net\/portal\/wp-json\/wp\/v2\/posts"}],"about":[{"href":"http:\/\/portalcatolico.net\/portal\/wp-json\/wp\/v2\/types\/post"}],"author":[{"embeddable":true,"href":"http:\/\/portalcatolico.net\/portal\/wp-json\/wp\/v2\/users\/2"}],"replies":[{"embeddable":true,"href":"http:\/\/portalcatolico.net\/portal\/wp-json\/wp\/v2\/comments?post=17051"}],"version-history":[{"count":2,"href":"http:\/\/portalcatolico.net\/portal\/wp-json\/wp\/v2\/posts\/17051\/revisions"}],"predecessor-version":[{"id":17058,"href":"http:\/\/portalcatolico.net\/portal\/wp-json\/wp\/v2\/posts\/17051\/revisions\/17058"}],"wp:featuredmedia":[{"embeddable":true,"href":"http:\/\/portalcatolico.net\/portal\/wp-json\/wp\/v2\/media\/17052"}],"wp:attachment":[{"href":"http:\/\/portalcatolico.net\/portal\/wp-json\/wp\/v2\/media?parent=17051"}],"wp:term":[{"taxonomy":"category","embeddable":true,"href":"http:\/\/portalcatolico.net\/portal\/wp-json\/wp\/v2\/categories?post=17051"},{"taxonomy":"post_tag","embeddable":true,"href":"http:\/\/portalcatolico.net\/portal\/wp-json\/wp\/v2\/tags?post=17051"}],"curies":[{"name":"wp","href":"https:\/\/api.w.org\/{rel}","templated":true}]}}