{"id":17046,"date":"2017-01-24T09:06:25","date_gmt":"2017-01-24T09:06:25","guid":{"rendered":"http:\/\/portalcatolico.net\/portal\/?p=17046"},"modified":"2017-01-24T09:06:46","modified_gmt":"2017-01-24T09:06:46","slug":"comunidade-de-sao-paulo-apostolo-realiza-triduo-em-itabuna","status":"publish","type":"post","link":"http:\/\/portalcatolico.net\/portal\/comunidade-de-sao-paulo-apostolo-realiza-triduo-em-itabuna\/","title":{"rendered":"Comunidade de S\u00e3o Paulo Ap\u00f3stolo realiza Tr\u00edduo em Itabuna"},"content":{"rendered":"<p class=\"m_-1103507955215456050xgmail-msonospacing\" style=\"text-align: justify;\"><em>A comunidade do S\u00e3o Paulo Ap\u00f3stolo, localizado no bairro Novo S\u00e3o Caetano, em Itabuna, iniciou o Tr\u00edduo em prepara\u00e7\u00e3o para a festa do padroeiro do bairro, neste domingo e segue at\u00e9 dia 25, dia dedicado ao santo, com santa missa todas as noites \u00e0s 19h.\u00a0 O Tr\u00edduo tem como tema central: \u201cComo Maria e Paulo, anunciamos o evangelho de Jesus.\u201d<u><\/u><u><\/u><\/em><\/p>\n<p class=\"m_-1103507955215456050xgmail-msonospacing\" style=\"text-align: justify;\"><em>Nesta segunda-feira (23), antes de iniciar a santa missa, foi inaugurada pelo p\u00e1roco da par\u00f3quia Santa Rita de C\u00e1ssia,\u00a0 o subsolo da comunidade, onde ser\u00e1 celebrada a santa missa, pois, o ano <img loading=\"lazy\" decoding=\"async\" class=\" wp-image-17048 alignright\" src=\"http:\/\/portalcatolico.net\/portal\/wp-content\/uploads\/2017\/01\/DSCN9377-300x225.jpg\" alt=\"DSCN9377\" width=\"245\" height=\"184\" srcset=\"http:\/\/portalcatolico.net\/portal\/wp-content\/uploads\/2017\/01\/DSCN9377-300x225.jpg 300w, http:\/\/portalcatolico.net\/portal\/wp-content\/uploads\/2017\/01\/DSCN9377.jpg 600w\" sizes=\"auto, (max-width: 245px) 100vw, 245px\" \/>passado, foi inaugurado sal\u00e3o da comunidade. Na homilia, o frei Genilton parabenizou os moradores, paroquianos e dizimistas pela conquista de mais um templo sagrado.<u><\/u><u><\/u><\/em><\/p>\n<p class=\"m_-1103507955215456050xgmail-msonospacing\" style=\"text-align: justify;\">Na oportunidade, o frei refletiu sob o<span class=\"m_-1103507955215456050apple-converted-space\">\u00a0<\/span><em>Subtema da noite que foi:\u201cMaria Primeira Disc\u00edpula e Paulo Mission\u00e1rio dos Gentis\u201d. Maria estava sempre atenta, ouvindo o que seu filho falava e aquilo que ela n\u00e3o conseguia, guardava no cora\u00e7\u00e3o. Maria tinha profundo conhecimento e convic\u00e7\u00e3o quem era seu filho\u201d.<\/em><u><\/u><u><\/u><\/p>\n<p class=\"m_-1103507955215456050xgmail-msonospacing\" style=\"text-align: justify;\"><em>Segunda a coordena\u00e7\u00e3o da comunidade,este ano ser\u00e3o realizados mutir\u00f5es e alguns eventos para \u00a0arrecadar\u00a0fundos para a\u00a0conclus\u00e3o\u00a0do igreja de S\u00e3o Paulo Ap\u00f3stolo,no bairro Novo S\u00e3o Caetano. A capela pertence \u00e0 par\u00f3quia Santa Rita de C\u00e1ssia, localizada no bairro S\u00e3o Caetano, em Itabuna.<\/em><em>Por Portal Cat\u00f3lico<\/em><\/p>\n","protected":false},"excerpt":{"rendered":"<p>A comunidade do S\u00e3o Paulo Ap\u00f3stolo, localizado no bairro Novo S\u00e3o Caetano, em Itabuna, iniciou o Tr\u00edduo em prepara\u00e7\u00e3o para a festa do padroeiro do bairro, neste domingo e segue at\u00e9 dia 25, dia dedicado ao santo, com santa missa todas as noites \u00e0s 19h.\u00a0 O Tr\u00edduo tem como tema central: \u201cComo Maria e Paulo,&nbsp;<\/p>\n<p><a class=\"btn btn-style\" href=\"http:\/\/portalcatolico.net\/portal\/comunidade-de-sao-paulo-apostolo-realiza-triduo-em-itabuna\/\">Continue Reading<\/a><\/p>\n","protected":false},"author":2,"featured_media":17047,"comment_status":"open","ping_status":"open","sticky":false,"template":"","format":"standard","meta":{"footnotes":""},"categories":[68],"tags":[],"class_list":["post-17046","post","type-post","status-publish","format-standard","has-post-thumbnail","hentry","category-homilias"],"_links":{"self":[{"href":"http:\/\/portalcatolico.net\/portal\/wp-json\/wp\/v2\/posts\/17046","targetHints":{"allow":["GET"]}}],"collection":[{"href":"http:\/\/portalcatolico.net\/portal\/wp-json\/wp\/v2\/posts"}],"about":[{"href":"http:\/\/portalcatolico.net\/portal\/wp-json\/wp\/v2\/types\/post"}],"author":[{"embeddable":true,"href":"http:\/\/portalcatolico.net\/portal\/wp-json\/wp\/v2\/users\/2"}],"replies":[{"embeddable":true,"href":"http:\/\/portalcatolico.net\/portal\/wp-json\/wp\/v2\/comments?post=17046"}],"version-history":[{"count":2,"href":"http:\/\/portalcatolico.net\/portal\/wp-json\/wp\/v2\/posts\/17046\/revisions"}],"predecessor-version":[{"id":17050,"href":"http:\/\/portalcatolico.net\/portal\/wp-json\/wp\/v2\/posts\/17046\/revisions\/17050"}],"wp:featuredmedia":[{"embeddable":true,"href":"http:\/\/portalcatolico.net\/portal\/wp-json\/wp\/v2\/media\/17047"}],"wp:attachment":[{"href":"http:\/\/portalcatolico.net\/portal\/wp-json\/wp\/v2\/media?parent=17046"}],"wp:term":[{"taxonomy":"category","embeddable":true,"href":"http:\/\/portalcatolico.net\/portal\/wp-json\/wp\/v2\/categories?post=17046"},{"taxonomy":"post_tag","embeddable":true,"href":"http:\/\/portalcatolico.net\/portal\/wp-json\/wp\/v2\/tags?post=17046"}],"curies":[{"name":"wp","href":"https:\/\/api.w.org\/{rel}","templated":true}]}}