{"id":17040,"date":"2017-01-24T01:24:08","date_gmt":"2017-01-24T01:24:08","guid":{"rendered":"http:\/\/portalcatolico.net\/portal\/?p=17040"},"modified":"2017-01-24T01:24:08","modified_gmt":"2017-01-24T01:24:08","slug":"paroquia-santa-ines-celebra-festa-de-sua-padroeira","status":"publish","type":"post","link":"http:\/\/portalcatolico.net\/portal\/paroquia-santa-ines-celebra-festa-de-sua-padroeira\/","title":{"rendered":"Par\u00f3quia Santa In\u00eas celebra festa de sua padroeira"},"content":{"rendered":"<p class=\"m_9195677570606766247xgmail-msonospacing\" style=\"text-align: justify;\"><em>A par\u00f3quia Santa In\u00eas iniciou o Noven\u00e1rio e Festa da padroeira do bairro Santa In\u00eas no dia 13 e encerrou neste domingo, 22 de janeiro, \u00e0s 18h, com a missa solene e em seguida, prociss\u00e3o pelas principais ruas do bairro. Este ano o tema \u00e9: \u201cN\u00f3s somos a igreja cat\u00f3lica\u201d. Fieis, paroquianos, visitantes e devotos da santa, puderam refletir e se aprofundar de forma catequ\u00e9tica pela homilias dos pregadores, com subtemas ligados a revela\u00e7\u00e3o da doutrina cat\u00f3lica.<\/em><i><br \/>\n<\/i><em>\u00c0s 7h aconteceu o Of\u00edcio de Santa In\u00eas e seguida foi servido um delicioso caf\u00e9 da manh\u00e3 partilhado.\u00a0E \u00e0s 10h, aconteceu o batismo das crian\u00e7as.<\/em><\/p>\n<p class=\"m_9195677570606766247xgmail-msonospacing\" style=\"text-align: justify;\"><em>Durante todas as noites, logo ap\u00f3s a santa missa, foram realizados a festa de largos com bandas e m\u00fasicos alegrando todos os presentes. Alguns dos artistas que se apresentaram foram: \u00a0Michella e \u00a0banda, Andersoul e amigos, entre outros m\u00fasicos.<\/em><u><\/u><u><\/u><\/p>\n<p class=\"m_9195677570606766247xgmail-msonospacing\" style=\"text-align: justify;\"><em>A Festa contou com distribui\u00e7\u00e3o e entrega de brindes. As crian\u00e7as receberam as\u00a0 b\u00ean\u00e7\u00e3os de\u00a0 Santa In\u00eas, juntamente com Maria m\u00e3e de Deus e nossa m\u00e3e. Que elas\u00a0 protejam e aben\u00e7oem sempre as nossas crian\u00e7as!<\/em><u><\/u><u><\/u><\/p>\n<p class=\"m_9195677570606766247xgmail-msonospacing\" style=\"text-align: justify;\">Por:Reda\u00e7\u00e3o Portal Cat\u00f3lico<\/p>\n<p class=\"m_9195677570606766247xgmail-msonospacing\"><em>\u00a0<\/em><\/p>\n","protected":false},"excerpt":{"rendered":"<p>A par\u00f3quia Santa In\u00eas iniciou o Noven\u00e1rio e Festa da padroeira do bairro Santa In\u00eas no dia 13 e encerrou neste domingo, 22 de janeiro, \u00e0s 18h, com a missa solene e em seguida, prociss\u00e3o pelas principais ruas do bairro. Este ano o tema \u00e9: \u201cN\u00f3s somos a igreja cat\u00f3lica\u201d. Fieis, paroquianos, visitantes e devotos&nbsp;<\/p>\n<p><a class=\"btn btn-style\" href=\"http:\/\/portalcatolico.net\/portal\/paroquia-santa-ines-celebra-festa-de-sua-padroeira\/\">Continue Reading<\/a><\/p>\n","protected":false},"author":2,"featured_media":17041,"comment_status":"open","ping_status":"open","sticky":false,"template":"","format":"standard","meta":{"footnotes":""},"categories":[4],"tags":[],"class_list":["post-17040","post","type-post","status-publish","format-standard","has-post-thumbnail","hentry","category-destaques"],"_links":{"self":[{"href":"http:\/\/portalcatolico.net\/portal\/wp-json\/wp\/v2\/posts\/17040","targetHints":{"allow":["GET"]}}],"collection":[{"href":"http:\/\/portalcatolico.net\/portal\/wp-json\/wp\/v2\/posts"}],"about":[{"href":"http:\/\/portalcatolico.net\/portal\/wp-json\/wp\/v2\/types\/post"}],"author":[{"embeddable":true,"href":"http:\/\/portalcatolico.net\/portal\/wp-json\/wp\/v2\/users\/2"}],"replies":[{"embeddable":true,"href":"http:\/\/portalcatolico.net\/portal\/wp-json\/wp\/v2\/comments?post=17040"}],"version-history":[{"count":1,"href":"http:\/\/portalcatolico.net\/portal\/wp-json\/wp\/v2\/posts\/17040\/revisions"}],"predecessor-version":[{"id":17042,"href":"http:\/\/portalcatolico.net\/portal\/wp-json\/wp\/v2\/posts\/17040\/revisions\/17042"}],"wp:featuredmedia":[{"embeddable":true,"href":"http:\/\/portalcatolico.net\/portal\/wp-json\/wp\/v2\/media\/17041"}],"wp:attachment":[{"href":"http:\/\/portalcatolico.net\/portal\/wp-json\/wp\/v2\/media?parent=17040"}],"wp:term":[{"taxonomy":"category","embeddable":true,"href":"http:\/\/portalcatolico.net\/portal\/wp-json\/wp\/v2\/categories?post=17040"},{"taxonomy":"post_tag","embeddable":true,"href":"http:\/\/portalcatolico.net\/portal\/wp-json\/wp\/v2\/tags?post=17040"}],"curies":[{"name":"wp","href":"https:\/\/api.w.org\/{rel}","templated":true}]}}