{"id":17035,"date":"2017-01-24T01:18:17","date_gmt":"2017-01-24T01:18:17","guid":{"rendered":"http:\/\/portalcatolico.net\/portal\/?p=17035"},"modified":"2017-01-24T01:19:14","modified_gmt":"2017-01-24T01:19:14","slug":"vem-ai-o-caruru-de-sao-jose","status":"publish","type":"post","link":"http:\/\/portalcatolico.net\/portal\/vem-ai-o-caruru-de-sao-jose\/","title":{"rendered":"Vem ai o Caruru de S\u00e3o Jos\u00e9"},"content":{"rendered":"<p>Quero agradecer sempre a presen\u00e7a do PORTAL CAT\u00d3LICO nos eventos e atividades da nossa igreja, tem sido um instrumento muito importante para nossa Diocese.<br \/>\nEnt\u00e3o, vamos aos fatos&#8230;<br \/>\nN\u00f3s da Comunidade Filhos de Israel, temos 23 anos (comemorado 15\/02) de servi\u00e7os prestados na evangeliza\u00e7\u00e3o a esta Diocese de Itabuna, e diante dos desafios que Deus nos apresenta diariamente, recebemos o chamado para servir, dentro do nosso carisma (levar ao povo ao conhecimento de Deus, na busca da santidade) de Amar e Zelar pela Igreja. Dentro deste chamado recebemos a doa\u00e7\u00e3o de um TERRENO no Bairro Para\u00edso, Rua 1, n.\u00ba 140, Itabuna\/BA, para a constru\u00e7\u00e3o da PRIMEIRA CASA DE<img loading=\"lazy\" decoding=\"async\" class=\"size-medium wp-image-17038 alignright\" src=\"http:\/\/portalcatolico.net\/portal\/wp-content\/uploads\/2017\/01\/EU-AJUDO-300x225.jpg\" alt=\"EU AJUDO\" width=\"300\" height=\"225\" srcset=\"http:\/\/portalcatolico.net\/portal\/wp-content\/uploads\/2017\/01\/EU-AJUDO-300x225.jpg 300w, http:\/\/portalcatolico.net\/portal\/wp-content\/uploads\/2017\/01\/EU-AJUDO-768x576.jpg 768w, http:\/\/portalcatolico.net\/portal\/wp-content\/uploads\/2017\/01\/EU-AJUDO.jpg 960w\" sizes=\"auto, (max-width: 300px) 100vw, 300px\" \/> MISS\u00c3O DA COMUNIDADE FILHOS DE ISRAEL, bem como erguer um Capela em Honra de S\u00e3o Miguel Arcanjo (Patrono dos Filhos de Israel). Esta casa servir\u00e1 de ponto para darmos continuidade \u00a0nosso trabalho social que temos feito na PASTORAL DA PROVID\u00caNCIA, de acolhimento\/ajuda de pessoas em situa\u00e7\u00e3o rua, mas esta casa servir\u00e1 tamb\u00e9m de lugar de ora\u00e7\u00e3o, de retiro para toda no ssa Diocese.<br \/>\nPara que esse sonho todo se concretize, temos feitos v\u00e1rios eventos para erguer esta casa, com ajuda de amigo\/benfeitores que fazem doa\u00e7\u00f5es mensais, agora este ano realizaremos o CARURU DE S\u00c3O JOS\u00c9 no dia 19\/03\/2017, para arrecadarmos fundos, para este fim.<br \/>\nO CARURU ser\u00e1 preparado pelos membros e amigos da Comunidade Filhos de Israel, a venda dos bilhetes ser\u00e1 oferecido nas missas da Igrejas de nossa Diocese e tamb\u00e9m nas redes Sociais, e a distribui\u00e7\u00e3o da marmita ser\u00e1 na nossa CASA DE ACOLHIMENTO (Um espa\u00e7o\/ casa provis\u00f3ria) na Rua 1.\u00ba e Maio, n.\u00ba 04, Bairro Parque Boa Vista, Itabuna\/BA.<br \/>\nContato para adquirir o bilhete, para tamb\u00e9m fazer qualquer doa\u00e7\u00e3o para nossa constru\u00e7\u00e3o ou para se tornar um s\u00f3cio, (73) 99965-7821\/98871-1773 IRAMAR (Fundador) ou (73) 99965-8527 \/ 98858-9356 DINA ou ainda (73) 98106-7124 JOVANA.<br \/>\nPaz e perseveran\u00e7a!<\/p>\n<div><strong>Por Dinorah X. Andrade da Silva<\/strong><\/div>\n<div>Comunidade Filhos de Israel<\/div>\n<div><\/div>\n","protected":false},"excerpt":{"rendered":"<p>Quero agradecer sempre a presen\u00e7a do PORTAL CAT\u00d3LICO nos eventos e atividades da nossa igreja, tem sido um instrumento muito importante para nossa Diocese. Ent\u00e3o, vamos aos fatos&#8230; N\u00f3s da Comunidade Filhos de Israel, temos 23 anos (comemorado 15\/02) de servi\u00e7os prestados na evangeliza\u00e7\u00e3o a esta Diocese de Itabuna, e diante dos desafios que Deus&nbsp;<\/p>\n<p><a class=\"btn btn-style\" href=\"http:\/\/portalcatolico.net\/portal\/vem-ai-o-caruru-de-sao-jose\/\">Continue Reading<\/a><\/p>\n","protected":false},"author":2,"featured_media":17036,"comment_status":"open","ping_status":"open","sticky":false,"template":"","format":"standard","meta":{"footnotes":""},"categories":[1],"tags":[],"class_list":["post-17035","post","type-post","status-publish","format-standard","has-post-thumbnail","hentry","category-agenda"],"_links":{"self":[{"href":"http:\/\/portalcatolico.net\/portal\/wp-json\/wp\/v2\/posts\/17035","targetHints":{"allow":["GET"]}}],"collection":[{"href":"http:\/\/portalcatolico.net\/portal\/wp-json\/wp\/v2\/posts"}],"about":[{"href":"http:\/\/portalcatolico.net\/portal\/wp-json\/wp\/v2\/types\/post"}],"author":[{"embeddable":true,"href":"http:\/\/portalcatolico.net\/portal\/wp-json\/wp\/v2\/users\/2"}],"replies":[{"embeddable":true,"href":"http:\/\/portalcatolico.net\/portal\/wp-json\/wp\/v2\/comments?post=17035"}],"version-history":[{"count":2,"href":"http:\/\/portalcatolico.net\/portal\/wp-json\/wp\/v2\/posts\/17035\/revisions"}],"predecessor-version":[{"id":17039,"href":"http:\/\/portalcatolico.net\/portal\/wp-json\/wp\/v2\/posts\/17035\/revisions\/17039"}],"wp:featuredmedia":[{"embeddable":true,"href":"http:\/\/portalcatolico.net\/portal\/wp-json\/wp\/v2\/media\/17036"}],"wp:attachment":[{"href":"http:\/\/portalcatolico.net\/portal\/wp-json\/wp\/v2\/media?parent=17035"}],"wp:term":[{"taxonomy":"category","embeddable":true,"href":"http:\/\/portalcatolico.net\/portal\/wp-json\/wp\/v2\/categories?post=17035"},{"taxonomy":"post_tag","embeddable":true,"href":"http:\/\/portalcatolico.net\/portal\/wp-json\/wp\/v2\/tags?post=17035"}],"curies":[{"name":"wp","href":"https:\/\/api.w.org\/{rel}","templated":true}]}}