{"id":17032,"date":"2017-01-24T00:27:49","date_gmt":"2017-01-24T00:27:49","guid":{"rendered":"http:\/\/portalcatolico.net\/portal\/?p=17032"},"modified":"2017-01-24T00:34:25","modified_gmt":"2017-01-24T00:34:25","slug":"mensagem-pelo-aniversario-de-ordenacao-sacerdotal-ao-bispo-diocesano-de-ilheus-dom-mauro-montagnoli","status":"publish","type":"post","link":"http:\/\/portalcatolico.net\/portal\/mensagem-pelo-aniversario-de-ordenacao-sacerdotal-ao-bispo-diocesano-de-ilheus-dom-mauro-montagnoli\/","title":{"rendered":"MENSAGEM PELO ANIVERS\u00c1RIO DE ORDENA\u00c7\u00c3O SACERDOTAL AO BISPO DIOCESANO DE ILH\u00c9US DOM MAURO MONTAGNOLI."},"content":{"rendered":"<p style=\"text-align: justify;\"><strong><em>Dom Mauro Montagnoli,<\/em><\/strong>\u00a0hoje louvamos e agradecemos a Deus pelo dom de sua vida, de quem a Provid\u00eancia Divina se serviu a fim de nos permitir estar aqui para agradecer mais um ano de sua Ordena\u00e7\u00e3o Presbiteral. Na vida h\u00e1 acontecimentos e datas que n\u00e3o podemos esquecer e no que diz respeito \u00e0 sua Voca\u00e7\u00e3o, muito mais se torna importante fazer mem\u00f3ria, principalmente como atitude de A\u00e7\u00e3o de Gra\u00e7as pelo Dom recebido.<\/p>\n<p style=\"text-align: justify;\">A\u00a0<strong>Diocese de Ilh\u00e9us<\/strong><strong>\u00a0<\/strong>\u00e9 aben\u00e7oada pela sua presen\u00e7a e pelo seu trabalho, sua sabedoria Pastoral e tamb\u00e9m os seus conselhos que sempre direcionam para o caminho certo. Dom Mauro, festejar mais um ano de Ordena\u00e7\u00e3o Presbiteral \u00e9 ter a chance de fazer novos amigos, ajudar mais pessoas, ensinar novas li\u00e7\u00f5es, sorrir novos motivos, amar mais ao pr\u00f3ximo, dar cada vez mais amparo, rezar mais preces e agradecer mais vezes, \u00e9 tamb\u00e9m amadurecer um pouco mais e olhar a sua miss\u00e3o de lan\u00e7ar as redes como uma d\u00e1diva de Deus.<\/p>\n<p style=\"text-align: justify;\">Hoje\u00a0compreendemos um pouco a voca\u00e7\u00e3o para o sacerd\u00f3cio como sendo um dom divinal, um dom para o qual \u00e9 preciso abrir m\u00e3o de muitas coisas essenciais na vida como a fam\u00edlia, o conforto, os amigos, a liberdade, um verdadeiro despojar-se de si mesmo, para que no fim, se obtenha o tudo ofertado pelas m\u00e3os de Deus. \u00c9 ser grato, estar disposto, muitas vezes n\u00e3o \u00e9 compreendido, \u00e9 ser forte e destemido, mesmo que o cora\u00e7\u00e3o esteja partido pela dor, \u00e9 ser rima, \u00e9 ser verso, \u00e9 ver Deus no universo.<\/p>\n<p style=\"text-align: justify;\">Podemos afirmar Dom Mauro que comemorar o anivers\u00e1rio de ordena\u00e7\u00e3o \u00e9 comemorar a vida, pois o sacerdote n\u00e3o \u00e9 apenas o homem da liturgia, mas, aquele que faz da sua vida um Culto Lit\u00fargico, identificando-se com a realidade da cruz, que \u00e9 doa\u00e7\u00e3o, amor e entrega aos irm\u00e3os e \u00e0 Igreja, fazendo da sua vida um sacramento intenso e fecundo.<\/p>\n<p style=\"text-align: justify;\">Dia 24 de janeiro \u00e9 um dia festivo e aben\u00e7oado para todos n\u00f3s da Diocese, mas \u00e9 principalmente para Deus, pois ele recebeu h\u00e1 46 anos o seu\u00a0<strong>SIM.<\/strong>\u00a0Por tudo isto, Dom Mauro agradecemos pelo seu cont\u00ednuo esfor\u00e7o, zelo e dedica\u00e7\u00e3o e principalmente, por ser este fiel amigo e pai espiritual que conduz, amorosamente, os passos em dire\u00e7\u00e3o a Deus de seus Diocesanos. Saiba que somos muito felizes e sentimo-nos agraciados por t\u00ea-lo em nosso meio.<\/p>\n<p style=\"text-align: justify;\">N\u00f3s lhe parabenizamos e pedimos as b\u00ean\u00e7\u00e3os de Deus e que a Virgem M\u00e3e Sant\u00edssima, neste ano em que comemoramos o Jubileu de 300 anos do encontro da Imagem de Nossa Senhora Aparecida, a M\u00e3e do Brasil, o cubra e proteja com Seu Manto Celestial, estando \u00e0 frente de todas as dificuldades e obst\u00e1culos que se puserem em seu caminho.<\/p>\n<p style=\"text-align: justify;\">A Ordena\u00e7\u00e3o Presbiteral \u00e9 um momento marcante e significativo para a Igreja, pois reafirma a alian\u00e7a de Deus com a humanidade. N\u00e3o estamos s\u00f3s. Cristo caminha conosco pela intercess\u00e3o das m\u00e3os consagradas do Padre, que em cada celebra\u00e7\u00e3o Eucar\u00edstica o coloca vivo entre n\u00f3s; pleno de miseric\u00f3rdia, perd\u00e3o e amor. Parab\u00e9ns ao senhor neste dia t\u00e3o grandioso e novamente que Maria, m\u00e3e da Igreja plena do Esp\u00edrito Santo, que em nossa Cidade, recebe o t\u00edtulo de Nossa Senhora das Vit\u00f3rias, lhe impulsione cada vez mais a assumir sua vida sacerdotal.<\/p>\n<p style=\"text-align: justify;\"><strong><em>ESTES S\u00c3O OS SINCEROS VOTOS DOS SEUS IRM\u00c3OS\/FILHOS DA DIOCESE DE ILH\u00c9US E DA PASCOM DIOCESANA.<\/em><\/strong><\/p>\n<p style=\"text-align: justify;\">Diocese de Ilh\u00e9us &#8211; Bahia, 24 de janeiro de 1971 \u2013 24 de janeiro de 2017.<\/p>\n<p style=\"text-align: justify;\"><em>Por Paulo Costa<br \/>\n<\/em><span style=\"line-height: 1.5;\">Assessoria de Imprensa da<br \/>\n<\/span><span style=\"line-height: 1.5;\">Diocese de Ilh\u00e9us \u00a0 \u00a0 \u00a0 \u00a0 \u00a0 \u00a0 \u00a0 \u00a0 \u00a0<\/span><\/p>\n","protected":false},"excerpt":{"rendered":"<p>Dom Mauro Montagnoli,\u00a0hoje louvamos e agradecemos a Deus pelo dom de sua vida, de quem a Provid\u00eancia Divina se serviu a fim de nos permitir estar aqui para agradecer mais um ano de sua Ordena\u00e7\u00e3o Presbiteral. Na vida h\u00e1 acontecimentos e datas que n\u00e3o podemos esquecer e no que diz respeito \u00e0 sua Voca\u00e7\u00e3o, muito&nbsp;<\/p>\n<p><a class=\"btn btn-style\" href=\"http:\/\/portalcatolico.net\/portal\/mensagem-pelo-aniversario-de-ordenacao-sacerdotal-ao-bispo-diocesano-de-ilheus-dom-mauro-montagnoli\/\">Continue Reading<\/a><\/p>\n","protected":false},"author":2,"featured_media":17034,"comment_status":"open","ping_status":"open","sticky":false,"template":"","format":"standard","meta":{"footnotes":""},"categories":[3],"tags":[],"class_list":["post-17032","post","type-post","status-publish","format-standard","has-post-thumbnail","hentry","category-noticias_regionais"],"_links":{"self":[{"href":"http:\/\/portalcatolico.net\/portal\/wp-json\/wp\/v2\/posts\/17032","targetHints":{"allow":["GET"]}}],"collection":[{"href":"http:\/\/portalcatolico.net\/portal\/wp-json\/wp\/v2\/posts"}],"about":[{"href":"http:\/\/portalcatolico.net\/portal\/wp-json\/wp\/v2\/types\/post"}],"author":[{"embeddable":true,"href":"http:\/\/portalcatolico.net\/portal\/wp-json\/wp\/v2\/users\/2"}],"replies":[{"embeddable":true,"href":"http:\/\/portalcatolico.net\/portal\/wp-json\/wp\/v2\/comments?post=17032"}],"version-history":[{"count":1,"href":"http:\/\/portalcatolico.net\/portal\/wp-json\/wp\/v2\/posts\/17032\/revisions"}],"predecessor-version":[{"id":17033,"href":"http:\/\/portalcatolico.net\/portal\/wp-json\/wp\/v2\/posts\/17032\/revisions\/17033"}],"wp:featuredmedia":[{"embeddable":true,"href":"http:\/\/portalcatolico.net\/portal\/wp-json\/wp\/v2\/media\/17034"}],"wp:attachment":[{"href":"http:\/\/portalcatolico.net\/portal\/wp-json\/wp\/v2\/media?parent=17032"}],"wp:term":[{"taxonomy":"category","embeddable":true,"href":"http:\/\/portalcatolico.net\/portal\/wp-json\/wp\/v2\/categories?post=17032"},{"taxonomy":"post_tag","embeddable":true,"href":"http:\/\/portalcatolico.net\/portal\/wp-json\/wp\/v2\/tags?post=17032"}],"curies":[{"name":"wp","href":"https:\/\/api.w.org\/{rel}","templated":true}]}}