{"id":17026,"date":"2017-01-23T00:00:58","date_gmt":"2017-01-23T00:00:58","guid":{"rendered":"http:\/\/portalcatolico.net\/portal\/?p=17026"},"modified":"2017-01-23T00:04:00","modified_gmt":"2017-01-23T00:04:00","slug":"paroquia-nossa-senhora-da-conceicao-em-ferradas-recebe-novo-administrador-paroquial","status":"publish","type":"post","link":"http:\/\/portalcatolico.net\/portal\/paroquia-nossa-senhora-da-conceicao-em-ferradas-recebe-novo-administrador-paroquial\/","title":{"rendered":"Par\u00f3quia Nossa Senhora da Concei\u00e7\u00e3o em Ferradas recebe novo administrador paroquial"},"content":{"rendered":"<p class=\"m_7865968278550917019xmsonormal\" style=\"text-align: justify;\"><em>Depois de tr\u00eas anos como p\u00e1roco na cidade de S\u00e3o Jose da Vit\u00f3ria, o padre Jos\u00e9 Roberto assumiu neste domingo, 22 de janeiro, uma nova miss\u00e3o: ele tomou posse como administrador paroquial sob os olhares atentos e ansiosos dos fieis da Par\u00f3quia Nossa Senhora da Concei\u00e7\u00e3o em Ferradas.<u><\/u><u><\/u><\/em><\/p>\n<p class=\"m_7865968278550917019xmsonormal\" style=\"text-align: justify;\"><em>A celebra\u00e7\u00e3o teve in\u00edcio \u00e0s 10h e foi presidida pelo bispo da diocese de Itabuna, Dom Ceslau Stanula e concelebrada pelos padres Mois\u00e9s de Sousa, Antonio Calazans, Gilmar Oliveira, Wesley do Carmo, Nicolau Klak, Jos\u00e9 Aguinaldo dos Santos , Manoel Carlos,\u00a0 Alberto Fonseca \u00a0Kruschewsky e contou com a presen\u00e7a de representantes das seis\u00a0comunidades da par\u00f3quia, al\u00e9m dos movimentos, servi\u00e7os e pastorais.<\/em><u><\/u><u><\/u><\/p>\n<p class=\"m_7865968278550917019xmsonormal\" style=\"text-align: justify;\"><em>Durante o rito de posse, ocorreu a leitura da provis\u00e3o de posse que foi lida pelo di\u00e1cono permanente\u00a0 Jos\u00e9 Ara\u00fajo.<u><\/u><u><\/u><\/em><\/p>\n<p class=\"m_7865968278550917019xmsonormal\" style=\"text-align: justify;\"><em>Na homilia, Dom Ceslau Stanula falou da importante fun\u00e7\u00e3o de um administrador paroquial:\u201cEsse \u00e9 o novo padre que vai caminhar com cada um de voc\u00eas, que vai caminhar com as fam\u00edlias, que vai <img loading=\"lazy\" decoding=\"async\" class=\"size-medium wp-image-17029 alignright\" src=\"http:\/\/portalcatolico.net\/portal\/wp-content\/uploads\/2017\/01\/IMG_3060-300x200.jpg\" alt=\"IMG_3060\" width=\"300\" height=\"200\" srcset=\"http:\/\/portalcatolico.net\/portal\/wp-content\/uploads\/2017\/01\/IMG_3060-300x200.jpg 300w, http:\/\/portalcatolico.net\/portal\/wp-content\/uploads\/2017\/01\/IMG_3060.jpg 600w\" sizes=\"auto, (max-width: 300px) 100vw, 300px\" \/>caminhar com essa comunidade, partillhando as alegrias, as esperan\u00e7as, as tristezas, ou seja, participando da vida da comunidade. E a comunidade somos todos n\u00f3s. Ele foi enviado pelo pr\u00f3prio Deus para ,em nome do Evangelho, pregar , orientar, consolar, animar e mostrar o caminho para a felicidade\u201d.<\/em><i><u><\/u><u><\/u><\/i><\/p>\n<p class=\"m_7865968278550917019xmsonormal\" style=\"text-align: justify;\"><em>Padre Jos\u00e9 Roberto recebeu o Livro Sagrado do bispo para levar a Palavra de Deus a todas as pessoas sem distin\u00e7\u00e3o. E ap\u00f3s ser interrogado e fazer sua promessa de fidelidade ao bispo diocesano, recebeu tamb\u00e9m as chaves da par\u00f3quia, da sacristia, os instrumentos para realizar o Batismo e a estola roxa da penit\u00eancia e reconcilia\u00e7\u00e3o.<\/em><u><\/u><u><\/u><\/p>\n<p class=\"m_7865968278550917019xmsonormal\" style=\"text-align: justify;\"><em>O padre Jos\u00e9 Roberto agradeceu toda a acolhida que tem recebido ao longo dos \u00faltimos dias. \u201cDeus \u00e9 fonte de todas as b\u00ean\u00e7\u00e3os, aquele que nos impulsiona a ser pastor mission\u00e1rio\u201d, disse.<u><\/u><u><\/u><\/em><\/p>\n<p class=\"m_7865968278550917019xmsonormal\" style=\"text-align: justify;\"><em>Padre Roberto \u00e9 natural de Buerarema. Fez catequese, participou do Grupo de Jovens, fez Crisma, e segundo ele, toda essa caminhada fez com que ele se sentisse chamado por Deus para servir a Igreja como Sacerdote.Por volta dos dezessete anos ele entrou no Semin\u00e1rio, onde morou por quatro anos em Salvador. Em seguida, esteve de volta \u00e0 Itabuna para fazer o Curso de Teologia e se ordenou Sacerdote. A ordena\u00e7\u00e3o aconteceu no Gin\u00e1sio de Esportes em Buerarema em 31 de outubro de 1999.<u><\/u><u><\/u><\/em><\/p>\n<p class=\"m_7865968278550917019xmsonormal\" style=\"text-align: justify;\"><em>Padre Roberto j\u00e1 realizou o trabalho de evangeliza\u00e7\u00e3o em algumas par\u00f3quias da regi\u00e3o. O primeiro trabalho foi \u00a0em Una, depois ele foi Reitor do Semin\u00e1rio da Diocese de Itabuna, e enquanto Reitor trabalhou na par\u00f3quia Nossa Senhora das Vit\u00f3rias em Itabuna. Em seguida, ele foi para a cidade de Santa Luzia. Depois ele retornou para Itabuna e foi para a par\u00f3quia Nossa Senhora Aparecida \u00a0do bairro Calif\u00f3rnia (durante dois anos e meio). Depois dessa experi\u00eancia, ele foi para It\u00e1lia fazer o mestrado e ap\u00f3s dois anos e meio ele foi para a cidade S\u00e3o Jos\u00e9 da Vit\u00f3ria. Dessa vez, ele chega \u00e0 Itabuna para assumir a par\u00f3quia Nossa Senhora da Concei\u00e7\u00e3o em Ferradas.<u><\/u><u><\/u><\/em><\/p>\n<p class=\"m_7865968278550917019xmsonormal\" style=\"text-align: justify;\"><em>O Portal Cat\u00f3lico deseja que Deus aben\u00e7oe mais esse trabalho de evangeliza\u00e7\u00e3o do Padre Roberto e parabeniza a comunidade de Ferradas pela nova conquista.<\/em><\/p>\n<p class=\"m_7865968278550917019xmsonormal\" style=\"text-align: justify;\">Por:Reda\u00e7\u00e3o Portal Cat\u00f3lico<\/p>\n<p>Confira as fotos: <a href=\"http:\/\/portalcatolico.net\/portal\/index.php\/posse-do-padre-jose-roberto-em-itabuna\/\">http:\/\/portalcatolico.net\/portal\/index.php\/posse-do-padre-jose-roberto-em-itabuna\/<\/a><\/p>\n","protected":false},"excerpt":{"rendered":"<p>Depois de tr\u00eas anos como p\u00e1roco na cidade de S\u00e3o Jose da Vit\u00f3ria, o padre Jos\u00e9 Roberto assumiu neste domingo, 22 de janeiro, uma nova miss\u00e3o: ele tomou posse como administrador paroquial sob os olhares atentos e ansiosos dos fieis da Par\u00f3quia Nossa Senhora da Concei\u00e7\u00e3o em Ferradas. A celebra\u00e7\u00e3o teve in\u00edcio \u00e0s 10h e&nbsp;<\/p>\n<p><a class=\"btn btn-style\" href=\"http:\/\/portalcatolico.net\/portal\/paroquia-nossa-senhora-da-conceicao-em-ferradas-recebe-novo-administrador-paroquial\/\">Continue Reading<\/a><\/p>\n","protected":false},"author":2,"featured_media":17027,"comment_status":"open","ping_status":"open","sticky":false,"template":"","format":"standard","meta":{"footnotes":""},"categories":[68],"tags":[],"class_list":["post-17026","post","type-post","status-publish","format-standard","has-post-thumbnail","hentry","category-homilias"],"_links":{"self":[{"href":"http:\/\/portalcatolico.net\/portal\/wp-json\/wp\/v2\/posts\/17026","targetHints":{"allow":["GET"]}}],"collection":[{"href":"http:\/\/portalcatolico.net\/portal\/wp-json\/wp\/v2\/posts"}],"about":[{"href":"http:\/\/portalcatolico.net\/portal\/wp-json\/wp\/v2\/types\/post"}],"author":[{"embeddable":true,"href":"http:\/\/portalcatolico.net\/portal\/wp-json\/wp\/v2\/users\/2"}],"replies":[{"embeddable":true,"href":"http:\/\/portalcatolico.net\/portal\/wp-json\/wp\/v2\/comments?post=17026"}],"version-history":[{"count":3,"href":"http:\/\/portalcatolico.net\/portal\/wp-json\/wp\/v2\/posts\/17026\/revisions"}],"predecessor-version":[{"id":17031,"href":"http:\/\/portalcatolico.net\/portal\/wp-json\/wp\/v2\/posts\/17026\/revisions\/17031"}],"wp:featuredmedia":[{"embeddable":true,"href":"http:\/\/portalcatolico.net\/portal\/wp-json\/wp\/v2\/media\/17027"}],"wp:attachment":[{"href":"http:\/\/portalcatolico.net\/portal\/wp-json\/wp\/v2\/media?parent=17026"}],"wp:term":[{"taxonomy":"category","embeddable":true,"href":"http:\/\/portalcatolico.net\/portal\/wp-json\/wp\/v2\/categories?post=17026"},{"taxonomy":"post_tag","embeddable":true,"href":"http:\/\/portalcatolico.net\/portal\/wp-json\/wp\/v2\/tags?post=17026"}],"curies":[{"name":"wp","href":"https:\/\/api.w.org\/{rel}","templated":true}]}}