{"id":17023,"date":"2017-01-22T23:54:33","date_gmt":"2017-01-22T23:54:33","guid":{"rendered":"http:\/\/portalcatolico.net\/portal\/?p=17023"},"modified":"2017-01-22T23:54:33","modified_gmt":"2017-01-22T23:54:33","slug":"casal-itabunense-comemora-50-anos-de-casados-e-celebra-bodas-de-ouro","status":"publish","type":"post","link":"http:\/\/portalcatolico.net\/portal\/casal-itabunense-comemora-50-anos-de-casados-e-celebra-bodas-de-ouro\/","title":{"rendered":"Casal itabunense comemora 50 anos de casados e celebra Bodas de ouro!"},"content":{"rendered":"<p style=\"text-align: justify;\"><em>Meio s\u00e9culo dividindo alegrias, sofrimentos, tristezas, conquistas e construindo com muito trabalho e suor uma hist\u00f3ria digna de ser comemorada. O casal Edvaldo Fernando Carvalho e Maria de Lourdes Carvalho (Dinha) foi recepcionado no \u00faltimo s\u00e1bado (21), na comunidade S\u00e3o Paulo Ap\u00f3stolo, pertencente \u00e0 par\u00f3quia Santa Rita de C\u00e1ssia na cidade de Itabuna, \u00a0para a missa de 50 anos de casamento. A santa missa foi presidida pelo p\u00e1roco da par\u00f3quia Santa Rita de C\u00e1ssia, o frei Jos\u00e9 Genilton e teve in\u00edcio \u00e0s 19h. A eventualidade reuniu familiares e amigos numa celebra\u00e7\u00e3o religiosa onde a emo\u00e7\u00e3o brotou nos olhos e cora\u00e7\u00f5es dos filhos e netos \u00a0a cada palavra mencionada.<\/em><\/p>\n<p style=\"text-align: justify;\"><em>Juntos h\u00e1 50 anos, o casal comemorou a t\u00e3o importante data ao lado da fam\u00edlia e amigos em uma missa onde as promessas matrimoniais foram renovadas. O \u201ccasamento\u201d, como era chamado pelos filhos, muito se pareceu com um casamento tradicional, principalmente no momento da ben\u00e7\u00e3o das alian\u00e7as e renova\u00e7\u00e3o das promessas do matrim\u00f4nio. O casal tem cinco filhos, nove netos e quatro bisnetos.<\/em><\/p>\n<p style=\"text-align: justify;\"><em>Na homilia, o frei Jos\u00e9 Genilton disse: \u201cN\u00f3s sabemos do trabalho que Dinha realiza nesta comunidade. A sua vida foi toda de doa\u00e7\u00e3o. Que vida bonita, de ora\u00e7\u00e3o, de compromisso, uma vida pautada na palavra de Deus. A for\u00e7a do homem e da mulher est\u00e1 exatamente na palavra de Deus. E esse casal est\u00e1 de parab\u00e9ns por construir toda a vida matrimonial na palavra de Deus. E hoje voc\u00eas s\u00e3o prova de que \u00e9 poss\u00edvel fazer a experi\u00eancia matrimonial de se amarem at\u00e9 o fim. Cinquenta anos de vida doada um para com o outro. Foi Deus quem os uniu!\u201d.<\/em><\/p>\n<p style=\"text-align: justify;\"><em>Ap\u00f3s a missa foi realizado um jantar de confraterniza\u00e7\u00e3o no sal\u00e3o de festas \u00a0paroquial, onde\u00a0 familiares e amigos puderam cumprimentar o feliz casal.<\/em><\/p>\n<p style=\"text-align: justify;\"><em>Bodas de ouro \u00e9 o per\u00edodo referente a 50 anos de casamento, onde o casal festeja o anivers\u00e1rio da uni\u00e3o e renova as promessas feitas durante o casamento.<\/em><\/p>\n<p style=\"text-align: justify;\"><em>As \u00a0festas das bodas surgiu na Alemanha, onde era costume de pequenos povoados, oferecer uma coroa de prata aos casais que completassem 25 anos de casados, e outra de ouro aos que chegassem aos 50. Ent\u00e3o, com o passar dos s\u00e9culos, foram criadas outras simbologias para os anos que ficam entre os 25 e os 50, e quanto mais tempo de casado, maior \u00e9 a import\u00e2ncia do material, que vai do mais fr\u00e1gil ao mais resistente.<\/em><\/p>\n<p style=\"text-align: justify;\"><em>Maria de Lourdes ( Dinha, como \u00e9 carinhosamente chamada) \u00a0\u00e9 uma das fundadoras da comunidade S\u00e3o Paulo Ap\u00f3stolo, no bairro Novo S\u00e3o Caetano em Itabuna (BA).<\/em><\/p>\n<p style=\"text-align: justify;\"><em>O Portal Cat\u00f3lico deseja muito mais alegria, sa\u00fade e comemora\u00e7\u00f5es para este casal aben\u00e7oado!<\/em><\/p>\n<p style=\"text-align: justify;\">Por:Reda\u00e7\u00e3o Portal Cat\u00f3lico<\/p>\n<p style=\"text-align: justify;\">Confira as fotos: <a href=\"http:\/\/portalcatolico.net\/portal\/index.php\/casal-itabunense-comemora-50-anos-de-casados-e-celebram-bodas-de-ouro\/\">http:\/\/portalcatolico.net\/portal\/index.php\/casal-itabunense-comemora-50-anos-de-casados-e-celebram-bodas-de-ouro\/<\/a><\/p>\n","protected":false},"excerpt":{"rendered":"<p>Meio s\u00e9culo dividindo alegrias, sofrimentos, tristezas, conquistas e construindo com muito trabalho e suor uma hist\u00f3ria digna de ser comemorada. O casal Edvaldo Fernando Carvalho e Maria de Lourdes Carvalho (Dinha) foi recepcionado no \u00faltimo s\u00e1bado (21), na comunidade S\u00e3o Paulo Ap\u00f3stolo, pertencente \u00e0 par\u00f3quia Santa Rita de C\u00e1ssia na cidade de Itabuna, \u00a0para a&nbsp;<\/p>\n<p><a class=\"btn btn-style\" href=\"http:\/\/portalcatolico.net\/portal\/casal-itabunense-comemora-50-anos-de-casados-e-celebra-bodas-de-ouro\/\">Continue Reading<\/a><\/p>\n","protected":false},"author":2,"featured_media":17024,"comment_status":"open","ping_status":"open","sticky":false,"template":"","format":"standard","meta":{"footnotes":""},"categories":[68],"tags":[],"class_list":["post-17023","post","type-post","status-publish","format-standard","has-post-thumbnail","hentry","category-homilias"],"_links":{"self":[{"href":"http:\/\/portalcatolico.net\/portal\/wp-json\/wp\/v2\/posts\/17023","targetHints":{"allow":["GET"]}}],"collection":[{"href":"http:\/\/portalcatolico.net\/portal\/wp-json\/wp\/v2\/posts"}],"about":[{"href":"http:\/\/portalcatolico.net\/portal\/wp-json\/wp\/v2\/types\/post"}],"author":[{"embeddable":true,"href":"http:\/\/portalcatolico.net\/portal\/wp-json\/wp\/v2\/users\/2"}],"replies":[{"embeddable":true,"href":"http:\/\/portalcatolico.net\/portal\/wp-json\/wp\/v2\/comments?post=17023"}],"version-history":[{"count":1,"href":"http:\/\/portalcatolico.net\/portal\/wp-json\/wp\/v2\/posts\/17023\/revisions"}],"predecessor-version":[{"id":17025,"href":"http:\/\/portalcatolico.net\/portal\/wp-json\/wp\/v2\/posts\/17023\/revisions\/17025"}],"wp:featuredmedia":[{"embeddable":true,"href":"http:\/\/portalcatolico.net\/portal\/wp-json\/wp\/v2\/media\/17024"}],"wp:attachment":[{"href":"http:\/\/portalcatolico.net\/portal\/wp-json\/wp\/v2\/media?parent=17023"}],"wp:term":[{"taxonomy":"category","embeddable":true,"href":"http:\/\/portalcatolico.net\/portal\/wp-json\/wp\/v2\/categories?post=17023"},{"taxonomy":"post_tag","embeddable":true,"href":"http:\/\/portalcatolico.net\/portal\/wp-json\/wp\/v2\/tags?post=17023"}],"curies":[{"name":"wp","href":"https:\/\/api.w.org\/{rel}","templated":true}]}}