{"id":16594,"date":"2017-01-21T19:36:50","date_gmt":"2017-01-21T19:36:50","guid":{"rendered":"http:\/\/portalcatolico.net\/portal\/?p=16594"},"modified":"2017-01-21T19:41:32","modified_gmt":"2017-01-21T19:41:32","slug":"sao-voces-que-tomam-posse-da-minha-vida-e-do-meu-ministerio-diz-dom-orlando-brandes-em-cerimonia-de-posse","status":"publish","type":"post","link":"http:\/\/portalcatolico.net\/portal\/sao-voces-que-tomam-posse-da-minha-vida-e-do-meu-ministerio-diz-dom-orlando-brandes-em-cerimonia-de-posse\/","title":{"rendered":"&#8220;S\u00e3o Voc\u00eas que Tomam Posse da Minha Vida e do Meu Minist\u00e9rio\u201d, diz Dom Orlando Brandes em Cerim\u00f4nia de Posse"},"content":{"rendered":"<p><em>Os 13 sinos do Campan\u00e1rio de Aparecida badalaram de maneira forte v\u00e1rias notas que indicavam um\u00a0dia de celebra\u00e7\u00e3o, de\u00a0comunh\u00e3o\u00a0e de\u00a0alegria. A manh\u00e3 nublada do dia 21 de janeiro de 2017 agora est\u00e1\u00a0marcada na hist\u00f3ria de Aparecida. \u00c9 um dia de forte emo\u00e7\u00e3o, de um novo passo, um dia que\u00a0presenteia o Santu\u00e1rio Nacional de Aparecida e a Arquidiocese com um novo pastor. Hoje foi dia de Boas-Vindas, momento em que dom Orlando Brandesrecebe o b\u00e1culo das m\u00e3os do Cardeal dom Raymundo Damasceno Assis, antecessor querido pelo povo, que deixa a arquidiocese ap\u00f3s 13 anos de muita dedica\u00e7\u00e3o, compromisso e boa-vontade.<\/em><\/p>\n<p><em><img loading=\"lazy\" decoding=\"async\" class=\"size-medium wp-image-16596 alignleft\" src=\"http:\/\/portalcatolico.net\/portal\/wp-content\/uploads\/2017\/01\/mg_2022-300x200.jpg\" alt=\"mg_2022\" width=\"300\" height=\"200\" srcset=\"http:\/\/portalcatolico.net\/portal\/wp-content\/uploads\/2017\/01\/mg_2022-300x200.jpg 300w, http:\/\/portalcatolico.net\/portal\/wp-content\/uploads\/2017\/01\/mg_2022.jpg 700w\" sizes=\"auto, (max-width: 300px) 100vw, 300px\" \/>Dom Orlando recebe a miss\u00e3o em um\u00a0momento muito especial, pois \u00e9 um\u00a0Ano Mariano, um tempo em que se comemora os\u00a0300 anos do encontro da Imagem de Aparecida\u00a0e\u00a0uma ocasi\u00e3o hist\u00f3rica para o Santu\u00e1rio Nacional.<\/em><\/p>\n<p><em>Durante a celebra\u00e7\u00e3o de posse na missa das 9h, todo o povo de Deus acolheu o novo arcebispo espontaneamente, com palmas, com jeito caloroso e com muita alegria.<\/em><\/p>\n<p><em>O altar central repleto de bispos e arcebispos de todo o Brasil, tamb\u00e9m contou com a\u00a0presen\u00e7a do N\u00fancio Apost\u00f3lico no Brasil, dom Giovanni D\u2019Aniello, que fez quest\u00e3o de exortar palavras de boas-vindas e acolhimento e agradecer o empenho e o cumprimento da miss\u00e3o de dom Damasceno nos \u00faltimos 13 anos.<\/em><\/p>\n<p><em>Na anima\u00e7\u00e3o da celebra\u00e7\u00e3o, o mission\u00e1rio redentorista e ec\u00f4nomo do Santu\u00e1rio Nacional, padre Daniel Ant\u00f4nio, representou todo o Povo da Arquidiocese em agradecimento ao Cardeal Damasceno por toda a sua vida dedicada \u00e0 Igreja no Brasil. \u201cCom certeza o seu nome j\u00e1 est\u00e1 escrito entre aqueles que muito colaboraram para a hist\u00f3ria da devo\u00e7\u00e3o \u00e0 Rainha e Padroeira do Brasil\u201d, disse.<\/em><\/p>\n<p><em>Ao novo arcebispo, deu as mais festivas boas-vindas. \u201cComo crist\u00e3os batizados e devotos de Nossa Senhora, dizemos com o senhor que somos oper\u00e1rios de Deus e por isso, juntos, queremos ajud\u00e1-lo na obra evangelizadora da Igreja\u201d.<\/em><\/p>\n<p><em>Representantes das Par\u00f3quias e dos tr\u00eas Santu\u00e1rios da Arquidiocese de Aparecida fizeram prociss\u00e3o, seguidos pela Imagem de Nossa Senhora Aparecida e a de Santo Ant\u00f4nio de Sant\u2019Ana Galv\u00e3o. Enquanto cantavam o \u201cHino dos 300 Anos\u201d.<\/em><\/p>\n<p><em>O Col\u00e9gio de Consultores da Arquidiocese de Aparecida tamb\u00e9m posicionou-se para acolher o novo arcebispo, quando, na sequ\u00eancia, dom Orlando tamb\u00e9m\u00a0passou por todas as Naves do Santu\u00e1rio aspergindo a Assembleia.<\/em><\/p>\n<p><em>Durante a homilia fez sauda\u00e7\u00e3o aos presentes, as irm\u00e3s Mensageiras do Amor Divino, as religiosas mission\u00e1rias Claretianas, todo o povo da arquidiocese e o clero diocesano, os mission\u00e1rios redentoristas, peregrinos e romeiros e autoridades pol\u00edticas e p\u00fablicas.<\/em><\/p>\n<p><em>Dom Orlando pediu ora\u00e7\u00f5es e de maneira forte disse:\u00a0\u201cS\u00e3o voc\u00eas que tomam posse da minha vida e do meu minist\u00e9rio em Aparecida\u201d.<\/em><\/p>\n<p><em>Lembrou a consagra\u00e7\u00e3o do\u00a0padre Vitor Coelho:\u00a0\u201cEmbora indigno de pertencer ao n\u00famero de vossos filhos e filhas, mas cheio do desejo de participar dos benef\u00edcios de vossa miseric\u00f3rdia, prostrado a vossos p\u00e9s, consagro-vos o meu entendimento, para que sempre pense no amor que mereceis; consagro-vos a minha l\u00edngua para que sempre vos louve e propague a vossa devo\u00e7\u00e3o; consagro-vos o meu cora\u00e7\u00e3o, para que, depois de Deus, vos ame sobre todas as coisas&#8230;\u201d<\/em><\/p>\n<p><em>Mencionou que Deus conhece todas as coisas antes de acontecerem e que n\u00e3o est\u00e1 em Aparecida por acaso, nem por interesse, nem por conveni\u00eancia e que\u00a0substituir dom Damasceno \u00e9 um privil\u00e9gio imerecido.<\/em><\/p>\n<p><em>\u00a0Ele disse, antes da celebra\u00e7\u00e3o, que\u00a0gosta muito da b\u00edblia, da Igreja que \u00e9 mission\u00e1ria e que nunca esquece os mais pobres\u00a0e que o Povo da arquidiocese pode esperar\u00a0um bispo em busca de um esp\u00edrito de comunh\u00e3o, esp\u00edrito de fam\u00edlia. \u201cPodem me procurar para o di\u00e1logo, para o entendimento, quero logo, imediatamente conhecer as par\u00f3quias, as lideran\u00e7as. Quero dar um apoio muito grande aos padres, aos fi\u00e9is e tamb\u00e9m ao Santu\u00e1rio,\u00a0com bastante unidade com os mission\u00e1rios redentoristas. Tenham toda a liberdade de colocar os seus pensamentos, suas sugest\u00f5es, pois eu quero aprender\u201d.<img loading=\"lazy\" decoding=\"async\" class=\"size-medium wp-image-16597 alignright\" src=\"http:\/\/portalcatolico.net\/portal\/wp-content\/uploads\/2017\/01\/620-414-0-0-300x200.jpg\" alt=\"620-414-0-0\" width=\"300\" height=\"200\" srcset=\"http:\/\/portalcatolico.net\/portal\/wp-content\/uploads\/2017\/01\/620-414-0-0-300x200.jpg 300w, http:\/\/portalcatolico.net\/portal\/wp-content\/uploads\/2017\/01\/620-414-0-0.jpg 620w\" sizes=\"auto, (max-width: 300px) 100vw, 300px\" \/><\/em><\/p>\n<p><em>Fez uma alus\u00e3o desse novo momento com o encontro da Imagem, dizendo que os pescadores eram tr\u00eas e que tudo come\u00e7ou com um pequeno grupo e depois a Imagem foi para as casas. \u201cEuacredito muito nesse pequeno grupo que depois virou multid\u00e3o.\u00a0Hoje somos 12 milh\u00f5es de peregrinos que anualmente passam por aqui, vamos acreditar na \u2018Igreja fam\u00edlia\u2019, na Igreja em casa, vamos\u00a0lan\u00e7ar as redes nas \u00e1guas mais profundas\u201d.<\/em><\/p>\n<p><em>Dom Orlando tamb\u00e9m falou que da mesma maneira como a Imagem \u00e9 de barro, n\u00f3s tamb\u00e9m somos, e por isso somos fr\u00e1geis. \u201cAssim como a Imagem quando foi quebrada,\u00a0foi o pecado que quebrou o nosso relacionamento com Deus, entre n\u00f3s, conosco mesmos e com a natureza. Pelo o fato de ter sido encontrada no Rio Para\u00edba do Sul, temos a obriga\u00e7\u00e3o e a responsabilidade com a natureza, com \u00e0gua, com a ecologia, com todo esse\u00a0projeto de salvar a nossa casa comum. Santu\u00e1rio rima com santidade, me ajudem a ser mais santo, vamos todos sermos mais santos e o Brasil ser\u00e1 bem melhor\u201d, finaliza.<\/em><\/p>\n<p><em>Ao final da celebra\u00e7\u00e3o representantes do clero, do munic\u00edpio, dos leigos e dos religiosos falaram palavras de apre\u00e7o e acolhimento ao novo pastor de Aparecida.<\/em><\/p>\n<p><em>Antes da leitura da Ata de posse, o reitor do Santu\u00e1rio, Padre Jo\u00e3o Batista entregou de maneira simb\u00f3lica a\u00a0chave da casa dos Redentoristas, tamb\u00e9m a\u00a0Imagem\u00a0Fac-S\u00edmile\u00a0de Aparecida\u00a0e o\u00a0Manto\u00a0produzido pelas Irm\u00e3s Carmelitas e falou em nome de toda a fam\u00edlia da Campanha dos Devotos. (A12.com)<br \/>\nPosse de Dom Orlando Brandes &#8211; Fotos: Den\u00edlson Lu\u00eds Santu\u00e1rio Nacional<\/em><\/p>\n<p><em>\u00a0<\/em><\/p>\n","protected":false},"excerpt":{"rendered":"<p>Os 13 sinos do Campan\u00e1rio de Aparecida badalaram de maneira forte v\u00e1rias notas que indicavam um\u00a0dia de celebra\u00e7\u00e3o, de\u00a0comunh\u00e3o\u00a0e de\u00a0alegria. A manh\u00e3 nublada do dia 21 de janeiro de 2017 agora est\u00e1\u00a0marcada na hist\u00f3ria de Aparecida. \u00c9 um dia de forte emo\u00e7\u00e3o, de um novo passo, um dia que\u00a0presenteia o Santu\u00e1rio Nacional de Aparecida e&nbsp;<\/p>\n<p><a class=\"btn btn-style\" href=\"http:\/\/portalcatolico.net\/portal\/sao-voces-que-tomam-posse-da-minha-vida-e-do-meu-ministerio-diz-dom-orlando-brandes-em-cerimonia-de-posse\/\">Continue Reading<\/a><\/p>\n","protected":false},"author":2,"featured_media":16595,"comment_status":"open","ping_status":"open","sticky":false,"template":"","format":"standard","meta":{"footnotes":""},"categories":[4],"tags":[],"class_list":["post-16594","post","type-post","status-publish","format-standard","has-post-thumbnail","hentry","category-destaques"],"_links":{"self":[{"href":"http:\/\/portalcatolico.net\/portal\/wp-json\/wp\/v2\/posts\/16594","targetHints":{"allow":["GET"]}}],"collection":[{"href":"http:\/\/portalcatolico.net\/portal\/wp-json\/wp\/v2\/posts"}],"about":[{"href":"http:\/\/portalcatolico.net\/portal\/wp-json\/wp\/v2\/types\/post"}],"author":[{"embeddable":true,"href":"http:\/\/portalcatolico.net\/portal\/wp-json\/wp\/v2\/users\/2"}],"replies":[{"embeddable":true,"href":"http:\/\/portalcatolico.net\/portal\/wp-json\/wp\/v2\/comments?post=16594"}],"version-history":[{"count":3,"href":"http:\/\/portalcatolico.net\/portal\/wp-json\/wp\/v2\/posts\/16594\/revisions"}],"predecessor-version":[{"id":16600,"href":"http:\/\/portalcatolico.net\/portal\/wp-json\/wp\/v2\/posts\/16594\/revisions\/16600"}],"wp:featuredmedia":[{"embeddable":true,"href":"http:\/\/portalcatolico.net\/portal\/wp-json\/wp\/v2\/media\/16595"}],"wp:attachment":[{"href":"http:\/\/portalcatolico.net\/portal\/wp-json\/wp\/v2\/media?parent=16594"}],"wp:term":[{"taxonomy":"category","embeddable":true,"href":"http:\/\/portalcatolico.net\/portal\/wp-json\/wp\/v2\/categories?post=16594"},{"taxonomy":"post_tag","embeddable":true,"href":"http:\/\/portalcatolico.net\/portal\/wp-json\/wp\/v2\/tags?post=16594"}],"curies":[{"name":"wp","href":"https:\/\/api.w.org\/{rel}","templated":true}]}}