{"id":16589,"date":"2017-01-21T18:53:32","date_gmt":"2017-01-21T18:53:32","guid":{"rendered":"http:\/\/portalcatolico.net\/portal\/?p=16589"},"modified":"2017-01-21T18:53:32","modified_gmt":"2017-01-21T18:53:32","slug":"movimento-da-rcc-na-cidade-de-ilheus-realiza-retiro-de-carnaval","status":"publish","type":"post","link":"http:\/\/portalcatolico.net\/portal\/movimento-da-rcc-na-cidade-de-ilheus-realiza-retiro-de-carnaval\/","title":{"rendered":"MOVIMENTO DA RCC NA CIDADE DE ILH\u00c9US REALIZA RETIRO DE CARNAVAL"},"content":{"rendered":"<p style=\"text-align: justify;\">O Movimento da Renova\u00e7\u00e3o Carism\u00e1tica Cat\u00f3lica (RCC) de Ilh\u00e9us informa a todos que no per\u00edodo de 26 a 28 de fevereiro acontecer\u00e1 o II SACIAI-VOS. O Retiro Diocesano de Carnaval, Organizado pelo Movimento da RCC!\u00a0Tudo j\u00e1 est\u00e1 sendo preparado para receber o povo de Deus e assim celebrarmos juntos essa alegria que n\u00e3o se acaba jamais. Neste ano em virtude das Comemora\u00e7\u00f5es do Jubileu dos 300 anos que foi encontrada a Imagem de Nossa Senhora Aparecida, teremos como Tema<em>:<\/em><em>\u00a0<\/em><em>\u201cCom Maria queremos exultar de alegria no Senhor!\u201d<\/em><\/p>\n<p style=\"text-align: justify;\">Convidamos voc\u00ea e sua fam\u00edlia para viverem conosco esses dias de muita un\u00e7\u00e3o e alegria no Esp\u00edrito.<\/p>\n<p style=\"text-align: justify;\"><strong>*Inscri\u00e7\u00e3o<\/strong>, Alimenta\u00e7\u00e3o e hospedagem: 40,00 Adulto<\/p>\n<p style=\"text-align: justify;\">Crian\u00e7as at\u00e9 12 anos pagam 20,00<\/p>\n<p style=\"text-align: justify;\"><strong>*Local:<\/strong>\u00a0CTL. Ilh\u00e9us<\/p>\n<p style=\"text-align: justify;\">Contatos e Inscri\u00e7\u00f5es atrav\u00e9s do Celular\/Whatsapp: (73) 9\u00a09170-0164 (Heverton) ou com os Coordenadores dos Grupos de Ora\u00e7\u00e3o da RCC em Ilh\u00e9us.<\/p>\n<p style=\"text-align: justify;\">Venham experimentar a melhor forma de passar o carnaval\u00a0onde a festa nunca acaba.<\/p>\n<p style=\"text-align: justify;\"><strong>RCC\/ Minist\u00e9rio de Comunica\u00e7\u00e3o &#8211; Diocese de Ilh\u00e9us e PASCOM \u2013 Diocese de Ilh\u00e9us.<\/strong><\/p>\n<p style=\"text-align: justify;\"><em>Por Paulo Costa<\/em><br \/>\nAssessoria de Imprensa da<br \/>\n<strong>Diocese de Ilh\u00e9us<\/strong><\/p>\n","protected":false},"excerpt":{"rendered":"<p>O Movimento da Renova\u00e7\u00e3o Carism\u00e1tica Cat\u00f3lica (RCC) de Ilh\u00e9us informa a todos que no per\u00edodo de 26 a 28 de fevereiro acontecer\u00e1 o II SACIAI-VOS. O Retiro Diocesano de Carnaval, Organizado pelo Movimento da RCC!\u00a0Tudo j\u00e1 est\u00e1 sendo preparado para receber o povo de Deus e assim celebrarmos juntos essa alegria que n\u00e3o se acaba&nbsp;<\/p>\n<p><a class=\"btn btn-style\" href=\"http:\/\/portalcatolico.net\/portal\/movimento-da-rcc-na-cidade-de-ilheus-realiza-retiro-de-carnaval\/\">Continue Reading<\/a><\/p>\n","protected":false},"author":2,"featured_media":16592,"comment_status":"open","ping_status":"open","sticky":false,"template":"","format":"standard","meta":{"footnotes":""},"categories":[2],"tags":[],"class_list":["post-16589","post","type-post","status-publish","format-standard","has-post-thumbnail","hentry","category-eventos"],"_links":{"self":[{"href":"http:\/\/portalcatolico.net\/portal\/wp-json\/wp\/v2\/posts\/16589","targetHints":{"allow":["GET"]}}],"collection":[{"href":"http:\/\/portalcatolico.net\/portal\/wp-json\/wp\/v2\/posts"}],"about":[{"href":"http:\/\/portalcatolico.net\/portal\/wp-json\/wp\/v2\/types\/post"}],"author":[{"embeddable":true,"href":"http:\/\/portalcatolico.net\/portal\/wp-json\/wp\/v2\/users\/2"}],"replies":[{"embeddable":true,"href":"http:\/\/portalcatolico.net\/portal\/wp-json\/wp\/v2\/comments?post=16589"}],"version-history":[{"count":1,"href":"http:\/\/portalcatolico.net\/portal\/wp-json\/wp\/v2\/posts\/16589\/revisions"}],"predecessor-version":[{"id":16593,"href":"http:\/\/portalcatolico.net\/portal\/wp-json\/wp\/v2\/posts\/16589\/revisions\/16593"}],"wp:featuredmedia":[{"embeddable":true,"href":"http:\/\/portalcatolico.net\/portal\/wp-json\/wp\/v2\/media\/16592"}],"wp:attachment":[{"href":"http:\/\/portalcatolico.net\/portal\/wp-json\/wp\/v2\/media?parent=16589"}],"wp:term":[{"taxonomy":"category","embeddable":true,"href":"http:\/\/portalcatolico.net\/portal\/wp-json\/wp\/v2\/categories?post=16589"},{"taxonomy":"post_tag","embeddable":true,"href":"http:\/\/portalcatolico.net\/portal\/wp-json\/wp\/v2\/tags?post=16589"}],"curies":[{"name":"wp","href":"https:\/\/api.w.org\/{rel}","templated":true}]}}