{"id":16586,"date":"2017-01-20T23:52:25","date_gmt":"2017-01-20T23:52:25","guid":{"rendered":"http:\/\/portalcatolico.net\/portal\/?p=16586"},"modified":"2017-01-20T23:52:25","modified_gmt":"2017-01-20T23:52:25","slug":"o-papa-francisco-sauda-donald-trump-o-novo-presidente-dos-estados-unidos","status":"publish","type":"post","link":"http:\/\/portalcatolico.net\/portal\/o-papa-francisco-sauda-donald-trump-o-novo-presidente-dos-estados-unidos\/","title":{"rendered":"O Papa Francisco sa\u00fada Donald Trump, o novo presidente dos Estados Unidos"},"content":{"rendered":"<p style=\"text-align: justify;\">O Papa Francisco expressou hoje sua sauda\u00e7\u00e3o a Donald Trump, oficializado como o 45\u00ba presidente dos Estados Unidos em Washington D.C., ao meio-dia (hora local) de hoje, 20 de janeiro.<\/p>\n<p style=\"text-align: justify;\">Em uma mensagem publicada esta tarde, o Santo Padre assinalou que \u201cap\u00f3s sua inaugura\u00e7\u00e3o como o quadrag\u00e9simo quinto presidente dos Estados Unidos da Am\u00e9rica, ofere\u00e7o-lhe meus cordiais bons desejos e a garantia de minhas ora\u00e7\u00f5es para que Deus Todo-poderoso lhe conceda sabedoria e fortaleza no exerc\u00edcio de seu alto cargo\u201d.<\/p>\n<p style=\"text-align: justify;\">\u201cEm uma \u00e9poca em que nossa fam\u00edlia humana \u00e9 atingida por graves crises humanit\u00e1rias que demandam respostas previsoras e politicamente unidas, rezo para que suas decis\u00f5es sejam guiadas pela rica espiritualidade e os valores \u00e9ticos que deram forma \u00e0 hist\u00f3ria do povo americano e o compromisso de sua na\u00e7\u00e3o pelo avan\u00e7o da dignidade humana e a liberdade em todo mundo\u201d.<\/p>\n<p style=\"text-align: justify;\">O Papa expressou seu desejo de que, sob o governo Trump, \u201co tamanho dos Estados Unidos siga sendo medido sobre tudo por suas preocupa\u00e7\u00f5es pelos pobres, marginados e os necessitados quem, como L\u00e1zaro, ficam perante a nossa porta\u201d.<\/p>\n<p style=\"text-align: justify;\">\u201cCom estes sentimentos, pe\u00e7o ao Senhor que conceda a voc\u00ea e \u00e0 sua fam\u00edlia, e a todo o amado povo americano, suas b\u00ean\u00e7\u00e3os de paz, conc\u00f3rdia e toda a prosperidade material e espiritual\u201d, concluiu o Papa Francisco.(ACI Digital)<\/p>\n<p style=\"text-align: justify;\">Papa Francisco. Foto: ACI Prensa \/ Donald Trump. Foto: Gage Skidmore (DC BY-SEA 2.0).<\/p>\n","protected":false},"excerpt":{"rendered":"<p>O Papa Francisco expressou hoje sua sauda\u00e7\u00e3o a Donald Trump, oficializado como o 45\u00ba presidente dos Estados Unidos em Washington D.C., ao meio-dia (hora local) de hoje, 20 de janeiro. Em uma mensagem publicada esta tarde, o Santo Padre assinalou que \u201cap\u00f3s sua inaugura\u00e7\u00e3o como o quadrag\u00e9simo quinto presidente dos Estados Unidos da Am\u00e9rica, ofere\u00e7o-lhe&nbsp;<\/p>\n<p><a class=\"btn btn-style\" href=\"http:\/\/portalcatolico.net\/portal\/o-papa-francisco-sauda-donald-trump-o-novo-presidente-dos-estados-unidos\/\">Continue Reading<\/a><\/p>\n","protected":false},"author":2,"featured_media":16587,"comment_status":"open","ping_status":"open","sticky":false,"template":"","format":"standard","meta":{"footnotes":""},"categories":[5],"tags":[],"class_list":["post-16586","post","type-post","status-publish","format-standard","has-post-thumbnail","hentry","category-igreja_no_mundo"],"_links":{"self":[{"href":"http:\/\/portalcatolico.net\/portal\/wp-json\/wp\/v2\/posts\/16586","targetHints":{"allow":["GET"]}}],"collection":[{"href":"http:\/\/portalcatolico.net\/portal\/wp-json\/wp\/v2\/posts"}],"about":[{"href":"http:\/\/portalcatolico.net\/portal\/wp-json\/wp\/v2\/types\/post"}],"author":[{"embeddable":true,"href":"http:\/\/portalcatolico.net\/portal\/wp-json\/wp\/v2\/users\/2"}],"replies":[{"embeddable":true,"href":"http:\/\/portalcatolico.net\/portal\/wp-json\/wp\/v2\/comments?post=16586"}],"version-history":[{"count":1,"href":"http:\/\/portalcatolico.net\/portal\/wp-json\/wp\/v2\/posts\/16586\/revisions"}],"predecessor-version":[{"id":16588,"href":"http:\/\/portalcatolico.net\/portal\/wp-json\/wp\/v2\/posts\/16586\/revisions\/16588"}],"wp:featuredmedia":[{"embeddable":true,"href":"http:\/\/portalcatolico.net\/portal\/wp-json\/wp\/v2\/media\/16587"}],"wp:attachment":[{"href":"http:\/\/portalcatolico.net\/portal\/wp-json\/wp\/v2\/media?parent=16586"}],"wp:term":[{"taxonomy":"category","embeddable":true,"href":"http:\/\/portalcatolico.net\/portal\/wp-json\/wp\/v2\/categories?post=16586"},{"taxonomy":"post_tag","embeddable":true,"href":"http:\/\/portalcatolico.net\/portal\/wp-json\/wp\/v2\/tags?post=16586"}],"curies":[{"name":"wp","href":"https:\/\/api.w.org\/{rel}","templated":true}]}}