{"id":16583,"date":"2017-01-20T20:02:32","date_gmt":"2017-01-20T20:02:32","guid":{"rendered":"http:\/\/portalcatolico.net\/portal\/?p=16583"},"modified":"2017-01-20T20:02:32","modified_gmt":"2017-01-20T20:02:32","slug":"noticias-da-arquidiocese","status":"publish","type":"post","link":"http:\/\/portalcatolico.net\/portal\/noticias-da-arquidiocese\/","title":{"rendered":"Not\u00edcias da Arquidiocese"},"content":{"rendered":"<p style=\"text-align: justify;\">De 21 a 27 de janeiro<\/p>\n<p class=\"x_MsoNormal\" style=\"text-align: justify;\"><span style=\"font-family: verdana, sans-serif;\"><b>Sele\u00e7\u00e3o da ASA seguem at\u00e9 dia 24<\/b><br \/>\n<\/span><\/p>\n<p class=\"x_MsoNormal\" style=\"text-align: justify;\"><span style=\"font-family: verdana, sans-serif;\">A A\u00e7\u00e3o Social Arquidiocesana (ASA) lan\u00e7ou editais para a sele\u00e7\u00e3o de dois funcion\u00e1rios que atuar\u00e3o na\u00a0secretaria\u00a0e na\u00a0articula\u00e7\u00e3o da institui\u00e7\u00e3o. O prazo final para inscri\u00e7\u00e3o \u00e9 at\u00e9 o dia 24 de janeiro de 2017. Veja como participar clicando\u00a0<a href=\"http:\/\/arquidiocesesalvador.org.br\/site\/?p=41182\" target=\"_blank\">aqui<\/a>.<\/span><\/p>\n<p class=\"x_MsoNormal\" style=\"text-align: justify;\"><span style=\"font-family: verdana, sans-serif;\">\u00a0<\/span><span style=\"font-family: verdana, sans-serif;\"><b>IAPI celebra o dia de S\u00e3o Paulo Ap\u00f3stolo<\/b><\/span><\/p>\n<p class=\"x_MsoNormal\" style=\"text-align: justify;\"><span style=\"font-family: verdana, sans-serif;\">A par\u00f3quia S\u00e3o Paulo Ap\u00f3stolo celebra o dia do padroeiro em 25 de janeiro. O noven\u00e1rio segue at\u00e9 o dia 24, sempre \u00e0s 19h, na Matriz (rua Jair Santos, n\u00ba1, IAPI). Para finalizar os festejos, o dia festivo (25) ser\u00e1 marcado pela Missa Solene, \u00e0s 19h30, presidida pelo Arcebispo de Salvador e Primaz do Brasil, Dom Murilo Krieger. Confira a programa\u00e7\u00e3o completa clicando\u00a0<a href=\"http:\/\/arquidiocesesalvador.org.br\/site\/?p=41724\" target=\"_blank\">aqui<\/a>.<\/span><\/p>\n<p class=\"x_MsoNormal\" style=\"text-align: justify;\"><span style=\"font-family: verdana, sans-serif;\"><b>Ascens\u00e3o do Senhor realiza tarde de forma\u00e7\u00e3o sobre catequese<\/b><\/span><\/p>\n<p class=\"x_MsoNormal\" style=\"text-align: justify;\"><span style=\"font-family: verdana, sans-serif;\"><i>\u201cOs 4 tempos da Catequese\u201d<\/i>, com \u00eanfase na quest\u00e3o do discipulado-missionariedade \u00e9 tema da tarde de forma\u00e7\u00e3o que ser\u00e1 promovida pela par\u00f3quia Ascens\u00e3o do Senhor, no dia 21 de janeiro. A atividade \u00e9 gratuita e ser\u00e1 realizada no sal\u00e3o paroquial da igreja, a partir das 14h. Veja como participar clicando\u00a0<a href=\"http:\/\/arquidiocesesalvador.org.br\/site\/?p=42146\" target=\"_blank\">aqui<\/a>.<\/span><\/p>\n<p class=\"x_MsoNormal\" style=\"text-align: justify;\"><span style=\"font-family: verdana, sans-serif;\"><b>UCSal abre inscri\u00e7\u00f5es para curso de Teologia<\/b><\/span><\/p>\n<p class=\"x_MsoNormal\" style=\"text-align: justify;\"><span style=\"font-family: verdana, sans-serif;\">Est\u00e3o abertas as inscri\u00e7\u00f5es para o Curso de Extens\u00e3o em Teologia, que come\u00e7a no dia 11 de fevereiro e contribui para a forma\u00e7\u00e3o dos Disc\u00edpulos Mission\u00e1rios da Arquidiocese e de Dioceses pr\u00f3ximas. O valor do semestre \u00e9 R$ 120,00, sendo que \u00e9 poss\u00edvel fazer as disciplinas avulsas. Veja como participar clicando\u00a0<a href=\"http:\/\/arquidiocesesalvador.org.br\/site\/?p=42109\" target=\"_blank\">aqui<\/a>.<\/span><\/p>\n<p class=\"x_MsoNormal\" style=\"text-align: justify;\"><span style=\"font-family: verdana, sans-serif;\"><b>Par\u00f3quia Nossa Senhora da Luz promove Semana Mission\u00e1ria<\/b><\/span><\/p>\n<p class=\"x_MsoNormal\" style=\"text-align: justify;\"><span style=\"font-family: verdana, sans-serif;\">Em prepara\u00e7\u00e3o ao dia da padroeira, celebrado em 2 de fevereiro, a par\u00f3quia Nossa Senhora da Luz promove a Semana Mission\u00e1ria at\u00e9 este s\u00e1bado (21). A atividade, que teve in\u00edcio no dia 15 de janeiro, \u00e9 realizada com Celebra\u00e7\u00f5es Eucar\u00edsticas nas comunidades da par\u00f3quia, sempre \u00e0s 19h30. O objetivo \u00e9 preparar a comunidade para viver a novena e a festa da padroeira. Confira a programa\u00e7\u00e3o completa clicando\u00a0<a href=\"http:\/\/arquidiocesesalvador.org.br\/site\/?p=42143\" target=\"_blank\">aqui<\/a>.<\/span><\/p>\n<p class=\"x_MsoNormal\" style=\"text-align: justify;\"><span style=\"font-family: verdana, sans-serif;\"><b>Jantar de ades\u00e3o na Par\u00f3quia S\u00e3o Francisco de Assis<\/b><\/span><\/p>\n<p class=\"x_MsoNormal\" style=\"text-align: justify;\"><span style=\"font-family: verdana, sans-serif;\">A par\u00f3quia S\u00e3o Francisco de Assis (Boca do Rio) promover\u00e1 um jantar de ades\u00e3o no dia 4 de fevereiro. O objetivo \u00e9 arrecadar fundos para a reforma e amplia\u00e7\u00e3o da Matriz. O jantar, que ter\u00e1 m\u00fasica ao vivo, ser\u00e1 realizado a partir das 20h, no estacionamento da igreja. A taxa \u00e9 de 120 reais por pessoa. Veja como participar clicando\u00a0<a href=\"http:\/\/arquidiocesesalvador.org.br\/site\/?p=42105\" target=\"_blank\">aqui<\/a>.<\/span><\/p>\n<p class=\"x_MsoNormal\" style=\"text-align: justify;\"><span style=\"font-family: verdana, sans-serif;\"><b>Comunidade do bairro da Paz celebra o dia da padroeira<\/b><\/span><\/p>\n<p class=\"x_MsoNormal\" style=\"text-align: justify;\"><span style=\"font-family: verdana, sans-serif;\">A par\u00f3quia Nossa Senhora da Paz (Bairro da Paz) est\u00e1 em festa com a celebra\u00e7\u00e3o do dia de sua padroeira, comemorado em 24 de janeiro. Os paroquianos participam do noven\u00e1rio, que teve inicio no dia 15 de janeiro e segue at\u00e9 23 deste m\u00eas, sempre \u00e0s 19h, com a ora\u00e7\u00e3o do ter\u00e7o ou oficio de Nossa Senhora. Entre as atividades da programa\u00e7\u00e3o do dia festivo (24), o bispo auxiliar de Salvador, Dom Gilson Andrade da Silva, presidir\u00e1 a\u00a0Missa Solene, \u00e0s 19h, encerrando os festejos. Confira a programa\u00e7\u00e3o completa clicando\u00a0<a href=\"http:\/\/arquidiocesesalvador.org.br\/site\/?p=42103\" target=\"_blank\">aqui<\/a>.<\/span><\/p>\n<p class=\"x_MsoNormal\" style=\"text-align: justify;\"><b>Par\u00f3quia Nossa Senhora do Carmo empossa novo p\u00e1roco<\/b><\/p>\n<p class=\"x_MsoNormal\" style=\"text-align: justify;\"><span style=\"font-family: verdana, sans-serif;\">O bispo auxiliar da Arquidiocese de Salvador, Dom Estevam dos Santos Silva Filho, presidir\u00e1 a Celebra\u00e7\u00e3o Eucar\u00edstica na matriz da Par\u00f3quia Nossa Senhora do Carmo, em Salinas da Margarida, que dar\u00e1 a posse do novo p\u00e1roco, padre Gustavo Adolfo Nunes Silva. A Missa ocorrer\u00e1 no dia 28 de janeiro, \u00e0s 9h. Veja em nossa\u00a0<a href=\"http:\/\/arquidiocesesalvador.org.br\/site\/?p=42111\" target=\"_blank\">p\u00e1gina<\/a>.<\/span><\/p>\n<p class=\"x_MsoNormal\" style=\"text-align: justify;\"><span style=\"font-family: verdana, sans-serif;\"><b>Inscri\u00e7\u00f5es abertas para os cursos de Filosofia e Teologia<\/b><\/span><\/p>\n<p class=\"x_MsoNormal\" style=\"text-align: justify;\"><span style=\"font-family: verdana, sans-serif;\">Os Irm\u00e3os de S\u00e3o Jo\u00e3o est\u00e3o com inscri\u00e7\u00f5es abertas para os cursos de Filosofia e de Teologia. Cada curso \u00e9 dividido em quatro m\u00f3dulos custa R$ 50. As turmas de Teologia se encontrar\u00e3o \u00e0s sextas-feiras, das 8h30 \u00e0s 11h30, com in\u00edcio no dia 3 de fevereiro. J\u00e1 as aulas de Filosofia ter\u00e3o in\u00edcio no dia 4 de fevereiro, com aulas sempre aos s\u00e1bados, das 9h \u00e0s 12h. Saiba como participar clicando\u00a0<a href=\"http:\/\/arquidiocesesalvador.org.br\/site\/?p=41554\" target=\"_blank\">aqui<\/a>.<\/span><\/p>\n<p class=\"x_MsoNormal\" style=\"text-align: justify;\"><span style=\"font-family: verdana, sans-serif;\"><b>Pastoral Familiar promove Encontro\u00a0<\/b><\/span><\/p>\n<p class=\"x_MsoNormal\" style=\"text-align: justify;\"><span style=\"font-family: verdana, sans-serif;\">A Pastoral Familiar realizar\u00e1 Encontro com Coordenadores do setor Pr\u00e9-matrimonial no pr\u00f3ximo s\u00e1bado (28). A atividade ocorrer\u00e1, das 8h \u00e0s 12h, no Centro de Pastoral C\u00faria Bom Pastor, no Garcia. A pauta inclui o novo calend\u00e1rio, certificados e novidades do sobre o setor. As inscri\u00e7\u00f5es s\u00e3o gratuitas. Outras informa\u00e7\u00f5es pelo endere\u00e7o eletr\u00f4nico\u00a0<a href=\"mailto:comissaopastoralfamiliar@gmail.com\" target=\"_blank\">comissaopastoralfamiliar@gmail.com<\/a>\u00a0ou pelo telefone 71<span style=\"color: #000000;\">99197-4024.<\/span><\/span><\/p>\n<p class=\"x_MsoNormal\" style=\"text-align: justify;\">Por Assessoria de Comunica\u00e7\u00e3o<\/p>\n<p class=\"x_MsoNormal\" style=\"text-align: justify;\">Arquidiocese de Salvador<\/p>\n","protected":false},"excerpt":{"rendered":"<p>De 21 a 27 de janeiro Sele\u00e7\u00e3o da ASA seguem at\u00e9 dia 24 A A\u00e7\u00e3o Social Arquidiocesana (ASA) lan\u00e7ou editais para a sele\u00e7\u00e3o de dois funcion\u00e1rios que atuar\u00e3o na\u00a0secretaria\u00a0e na\u00a0articula\u00e7\u00e3o da institui\u00e7\u00e3o. O prazo final para inscri\u00e7\u00e3o \u00e9 at\u00e9 o dia 24 de janeiro de 2017. Veja como participar clicando\u00a0aqui. \u00a0IAPI celebra o dia de&nbsp;<\/p>\n<p><a class=\"btn btn-style\" href=\"http:\/\/portalcatolico.net\/portal\/noticias-da-arquidiocese\/\">Continue Reading<\/a><\/p>\n","protected":false},"author":2,"featured_media":16584,"comment_status":"open","ping_status":"open","sticky":false,"template":"","format":"standard","meta":{"footnotes":""},"categories":[3],"tags":[],"class_list":["post-16583","post","type-post","status-publish","format-standard","has-post-thumbnail","hentry","category-noticias_regionais"],"_links":{"self":[{"href":"http:\/\/portalcatolico.net\/portal\/wp-json\/wp\/v2\/posts\/16583","targetHints":{"allow":["GET"]}}],"collection":[{"href":"http:\/\/portalcatolico.net\/portal\/wp-json\/wp\/v2\/posts"}],"about":[{"href":"http:\/\/portalcatolico.net\/portal\/wp-json\/wp\/v2\/types\/post"}],"author":[{"embeddable":true,"href":"http:\/\/portalcatolico.net\/portal\/wp-json\/wp\/v2\/users\/2"}],"replies":[{"embeddable":true,"href":"http:\/\/portalcatolico.net\/portal\/wp-json\/wp\/v2\/comments?post=16583"}],"version-history":[{"count":1,"href":"http:\/\/portalcatolico.net\/portal\/wp-json\/wp\/v2\/posts\/16583\/revisions"}],"predecessor-version":[{"id":16585,"href":"http:\/\/portalcatolico.net\/portal\/wp-json\/wp\/v2\/posts\/16583\/revisions\/16585"}],"wp:featuredmedia":[{"embeddable":true,"href":"http:\/\/portalcatolico.net\/portal\/wp-json\/wp\/v2\/media\/16584"}],"wp:attachment":[{"href":"http:\/\/portalcatolico.net\/portal\/wp-json\/wp\/v2\/media?parent=16583"}],"wp:term":[{"taxonomy":"category","embeddable":true,"href":"http:\/\/portalcatolico.net\/portal\/wp-json\/wp\/v2\/categories?post=16583"},{"taxonomy":"post_tag","embeddable":true,"href":"http:\/\/portalcatolico.net\/portal\/wp-json\/wp\/v2\/tags?post=16583"}],"curies":[{"name":"wp","href":"https:\/\/api.w.org\/{rel}","templated":true}]}}