{"id":16567,"date":"2017-01-20T09:05:06","date_gmt":"2017-01-20T09:05:06","guid":{"rendered":"http:\/\/portalcatolico.net\/portal\/?p=16567"},"modified":"2017-01-20T09:05:06","modified_gmt":"2017-01-20T09:05:06","slug":"francesco-lutero-queria-renovar-a-igreja-e-nao-dividi-la","status":"publish","type":"post","link":"http:\/\/portalcatolico.net\/portal\/francesco-lutero-queria-renovar-a-igreja-e-nao-dividi-la\/","title":{"rendered":"Francesco: Lutero queria renovar a Igreja, e n\u00e3o dividi-la"},"content":{"rendered":"<p style=\"text-align: justify;\">O Papa Francisco recebeu em audi\u00eancia, na manh\u00e3 desta quinta-feira (19\/01) no Vaticano, uma delega\u00e7\u00e3o ecum\u00e9nica da Finl\u00e2ndia, em peregrina\u00e7\u00e3o a Roma por ocasi\u00e3o da Festa de Santo Henrik e da Semana de Ora\u00e7\u00e3o pela Unidade dos Crist\u00e3os. No seu discurso, Francisco enfatizou antes de tudo o sentido do ecumenismo partindo da convers\u00e3o:<\/p>\n<p style=\"text-align: justify;\">\u201cO verdadeiro ecumenismo, de facto, baseia-se na convers\u00e3o comum a Jesus Cristo como nosso Senhor e Redentor. Se nos aproximarmos, juntos, d\u2019Ele, tamb\u00e9m nos aproximaremos uns dos outros. Nestes dias invocamos mais intensamente o Esp\u00edrito Santo para que desperte em n\u00f3s esta convers\u00e3o, que torna poss\u00edvel a reconcilia\u00e7\u00e3o\u201d<\/p>\n<p style=\"text-align: justify;\">Nesta caminhada, continuou o Papa, cat\u00f3licos e luteranos, de v\u00e1rios pa\u00edses, juntamente com v\u00e1rias comunidades que partilham o caminho ecum\u00e9nico, j\u00e1 percorreram uma etapa significativa quando, no passado dia 31 de outubro, nos reunimos em Lund, na Su\u00e9cia, para comemorar o in\u00edcio da reforma com uma ora\u00e7\u00e3o comum. Depois de cinquenta anos de di\u00e1logo ecum\u00e9nico oficial entre cat\u00f3licos e luteranos, fomos capazes de expor claramente as perspectivas sobre as quais podemos hoje dizer que estamos de acordo, sublinhou Francisco, tendo acrescentando:<\/p>\n<p style=\"text-align: justify;\">\u201cNeste esp\u00edrito, em Lund foi recordado que a inten\u00e7\u00e3o de Martin Lutero, h\u00e1 quinhentos anos atr\u00e1s, era de renovar a Igreja, e n\u00e3o de dividi-la. Aquele encontro deu-nos a coragem e a for\u00e7a de olharmos para a frente, em nosso Senhor Jesus Cristo, para o caminho ecum\u00e9nico que somos chamados a percorrer juntos\u201d.<\/p>\n<p style=\"text-align: justify;\">O di\u00e1logo teol\u00f3gico continua a ser essencial para a reconcilia\u00e7\u00e3o e deve ser continuado com empenho constante \u2013 prosseguiu Francisco \u2013 pois assim chegaremos a ulteriores converg\u00eancias sobre os conte\u00fados e nos poderemos aproximar cada vez mais da unidade plena e vis\u00edvel. \u00a0E rezo ao Senhor, sublinhou ainda \u00a0o Papa, para que acompanhe a Comiss\u00e3o de di\u00e1logo luterano-cat\u00f3lica da Finl\u00e2ndia, que est\u00e1 trabalhando com dedica\u00e7\u00e3o para uma interpreta\u00e7\u00e3o sacramental comum da Igreja, da Eucaristia e do minist\u00e9rio eclesial.<\/p>\n<p style=\"text-align: justify;\">O ano de 2017 que comemora a Reforma \u00e9, portanto, para os cat\u00f3licos e luteranos, uma ocasi\u00e3o privilegiada para viver de maneira mais aut\u00eantica a f\u00e9, redescobrir juntos o Evangelho e testemunhar Cristo com zelo renovado, disse o Papa recordando ainda o encontro de Lundo:<\/p>\n<p style=\"text-align: justify;\">\u201cNa conclus\u00e3o do dia de comemora\u00e7\u00e3o em Lund, olhando para o futuro, tir\u00e1mos coragem do nosso testemunho comum de f\u00e9 perante o mundo, quando nos empenh\u00e1mos a apoiar juntos os que sofrem, os que est\u00e3o em necessidade, os que est\u00e3o expostos a persegui\u00e7\u00f5es e viol\u00eancia . Fazendo isto, como crist\u00e3os j\u00e1 n\u00e3o estamos divididos, mas unidos no caminho rumo \u00e0 plena comunh\u00e3o\u201d.<\/p>\n<p style=\"text-align: justify;\">E Francisco recordou tamb\u00e9m o centen\u00e1rio do Conselho Ecum\u00e9nico Finland\u00eas, um importante instrumento para promover a comunh\u00e3o de f\u00e9 e de vida no Pa\u00eds, que tamb\u00e9m celebra, em 2017, os cem anos como Estado independente. \u201cQue este anivers\u00e1rio encoraje todos os crist\u00e3os do vosso Pa\u00eds a professar a f\u00e9 no Senhor Jesus Cristo, como fez com grande zelo Santo Henrik, \u00a0testemunhando-a hoje diante do mundo e traduzindo-a tamb\u00e9m em gestos concretos de servi\u00e7o, fraternidade e partilha, disse Francisco, que concluiu dirigindo-se ao bispo luterano de Turku, Kari M\u00e4kinen:<\/p>\n<p style=\"text-align: justify;\">\u201cE, querido irm\u00e3o bispo, eu lhe quero agradecer, pelo bom gosto de trazer os netinhos: precisamos da simplicidade das crian\u00e7as, elas nos ensinar\u00e3o o caminho que leva a Jesus Cristo. Obrigado, muito obrigado!\u201d(Vaticano)<\/p>\n","protected":false},"excerpt":{"rendered":"<p>O Papa Francisco recebeu em audi\u00eancia, na manh\u00e3 desta quinta-feira (19\/01) no Vaticano, uma delega\u00e7\u00e3o ecum\u00e9nica da Finl\u00e2ndia, em peregrina\u00e7\u00e3o a Roma por ocasi\u00e3o da Festa de Santo Henrik e da Semana de Ora\u00e7\u00e3o pela Unidade dos Crist\u00e3os. No seu discurso, Francisco enfatizou antes de tudo o sentido do ecumenismo partindo da convers\u00e3o: \u201cO verdadeiro&nbsp;<\/p>\n<p><a class=\"btn btn-style\" href=\"http:\/\/portalcatolico.net\/portal\/francesco-lutero-queria-renovar-a-igreja-e-nao-dividi-la\/\">Continue Reading<\/a><\/p>\n","protected":false},"author":2,"featured_media":16568,"comment_status":"open","ping_status":"open","sticky":false,"template":"","format":"standard","meta":{"footnotes":""},"categories":[5],"tags":[],"class_list":["post-16567","post","type-post","status-publish","format-standard","has-post-thumbnail","hentry","category-igreja_no_mundo"],"_links":{"self":[{"href":"http:\/\/portalcatolico.net\/portal\/wp-json\/wp\/v2\/posts\/16567","targetHints":{"allow":["GET"]}}],"collection":[{"href":"http:\/\/portalcatolico.net\/portal\/wp-json\/wp\/v2\/posts"}],"about":[{"href":"http:\/\/portalcatolico.net\/portal\/wp-json\/wp\/v2\/types\/post"}],"author":[{"embeddable":true,"href":"http:\/\/portalcatolico.net\/portal\/wp-json\/wp\/v2\/users\/2"}],"replies":[{"embeddable":true,"href":"http:\/\/portalcatolico.net\/portal\/wp-json\/wp\/v2\/comments?post=16567"}],"version-history":[{"count":1,"href":"http:\/\/portalcatolico.net\/portal\/wp-json\/wp\/v2\/posts\/16567\/revisions"}],"predecessor-version":[{"id":16569,"href":"http:\/\/portalcatolico.net\/portal\/wp-json\/wp\/v2\/posts\/16567\/revisions\/16569"}],"wp:featuredmedia":[{"embeddable":true,"href":"http:\/\/portalcatolico.net\/portal\/wp-json\/wp\/v2\/media\/16568"}],"wp:attachment":[{"href":"http:\/\/portalcatolico.net\/portal\/wp-json\/wp\/v2\/media?parent=16567"}],"wp:term":[{"taxonomy":"category","embeddable":true,"href":"http:\/\/portalcatolico.net\/portal\/wp-json\/wp\/v2\/categories?post=16567"},{"taxonomy":"post_tag","embeddable":true,"href":"http:\/\/portalcatolico.net\/portal\/wp-json\/wp\/v2\/tags?post=16567"}],"curies":[{"name":"wp","href":"https:\/\/api.w.org\/{rel}","templated":true}]}}