{"id":16564,"date":"2017-01-20T09:00:25","date_gmt":"2017-01-20T09:00:25","guid":{"rendered":"http:\/\/portalcatolico.net\/portal\/?p=16564"},"modified":"2017-01-20T09:00:25","modified_gmt":"2017-01-20T09:00:25","slug":"vem-ai-o-triduo-de-sao-paulo-apostolo-em-itabuna","status":"publish","type":"post","link":"http:\/\/portalcatolico.net\/portal\/vem-ai-o-triduo-de-sao-paulo-apostolo-em-itabuna\/","title":{"rendered":"Vem ai o Tr\u00edduo de S\u00e3o Paulo Ap\u00f3stolo em Itabuna"},"content":{"rendered":"<p class=\"m_-1680794527207776476gmail-MsoPlainText\" style=\"text-align: justify;\"><em>A comunidade do S\u00e3o Paulo Ap\u00f3stolo, localizado no bairro Novo S\u00e3o Caetano, em Itabuna, realizar\u00e1 o Tr\u00edduo em prepara\u00e7\u00e3o para a festa do padroeiro do bairro.\u00a0 Com o tema central: Como \u00a0Maria e Paulo, anunciamos o evangelho de Jesus.\u201d Com a santa missa, todas as noites sempre \u00e1s 19h.<\/em><\/p>\n<p class=\"m_-1680794527207776476gmail-MsoPlainText\" style=\"text-align: justify;\"><em>O tr\u00edduo tem inicio no domingo, dia 22 de janeiro e segue at\u00e9 25(dia dedicado ao Santo)<\/em><\/p>\n<p class=\"m_-1680794527207776476gmail-MsoPlainText\" style=\"text-align: justify;\"><em>\u00a0\u00a0\u00a0\u00a0\u00a0\u00a0\u00a0\u00a0\u00a0\u00a0\u00a0\u00a0\u00a0\u00a0\u00a0\u00a0\u00a0\u00a0\u00a0\u00a0\u00a0\u00a0\u00a0\u00a0\u00a0\u00a0\u00a0\u00a0\u00a0\u00a0<wbr \/>\u00a0\u00a0\u00a0\u00a0\u00a0\u00a0\u00a0\u00a0\u00a0\u00a0\u00a0\u00a0\u00a0\u00a0\u00a0\u00a0\u00a0\u00a0\u00a0\u00a0\u00a0\u00a0\u00a0\u00a0\u00a0\u00a0 <strong>Confira a programa\u00e7\u00e3o<\/strong><\/em><\/p>\n<p class=\"m_-1680794527207776476gmail-MsoPlainText\" style=\"text-align: justify;\"><strong><em>1\u00aa noite-22\/01(domingo) \u00e1s 19h<\/em><\/strong><\/p>\n<p class=\"m_-1680794527207776476gmail-MsoPlainText\" style=\"text-align: justify;\"><em>Subtema:\u201d A miss\u00e3o de Maria e a miss\u00e3o de Paulo<\/em><\/p>\n<p class=\"m_-1680794527207776476gmail-MsoPlainText\" style=\"text-align: justify;\"><em>Liturgia: Comunidade Nossa Senhora de Lourdes com os m\u00fasicos<\/em><\/p>\n<p class=\"m_-1680794527207776476gmail-MsoPlainText\" style=\"text-align: justify;\"><em>Convidados: Comerciantes do Novo S\u00e3o Caetano, Pastoral Familiar, RCC, MECE, Pascom, Pastoral do Dizimo. Doa\u00e7\u00e3o da noite: Material de Constru\u00e7\u00e3o<\/em><\/p>\n<p class=\"m_-1680794527207776476gmail-MsoPlainText\" style=\"text-align: justify;\"><em>\u00a0<\/em><strong><em>2\u00aa noite-23\/01(segunda-feira) \u00e1s 19h<\/em><\/strong><\/p>\n<p class=\"m_-1680794527207776476gmail-MsoPlainText\" style=\"text-align: justify;\"><em>Subtema: \u201c Maria Primeira Disc\u00edpula e Paulo Mission\u00e1rio dos Gentis\u201d<\/em><\/p>\n<p class=\"m_-1680794527207776476gmail-MsoPlainText\" style=\"text-align: justify;\"><em>Liturgia: Comunidade de Santa Luzia com os m\u00fasicos<\/em><\/p>\n<p class=\"m_-1680794527207776476gmail-MsoPlainText\" style=\"text-align: justify;\"><em>Convidados: Apostolado da Ora\u00e7\u00e3o, Ordem Terceira, Legi\u00e3o de Maria, Grupo Pe. Pio e Ter\u00e7o do Homens<\/em><\/p>\n<p class=\"m_-1680794527207776476gmail-MsoPlainText\" style=\"text-align: justify;\"><em>Doa\u00e7\u00e3o da Noite: Material de Constru\u00e7\u00e3o<\/em><\/p>\n<p class=\"m_-1680794527207776476gmail-MsoPlainText\" style=\"text-align: justify;\"><strong><em>\u00a0<\/em><em>3\u00aa noite-24\/01 (ter\u00e7a\u2013feira) \u00e1s 19h<\/em><\/strong><\/p>\n<p class=\"m_-1680794527207776476gmail-MsoPlainText\" style=\"text-align: justify;\"><em>Subtema: \u201dMaria e Paulo \u00a0fizeram a mais profunda experi\u00eancia de Deus na pessoa de Jesus<\/em><\/p>\n<p class=\"m_-1680794527207776476gmail-MsoPlainText\" style=\"text-align: justify;\"><em>Liturgia: Comunidade Nossa Senhora Aparecida com os m\u00fasicos<\/em><\/p>\n<p class=\"m_-1680794527207776476gmail-MsoPlainText\" style=\"text-align: justify;\"><em>Convidados: Minist\u00e9rio de M\u00fasicas, Catequese, Comunidade S\u00e3o Francisco, os coroinhas e todos os jovens.<\/em><\/p>\n<p class=\"m_-1680794527207776476gmail-MsoPlainText\" style=\"text-align: justify;\"><em>\u00a0<\/em><strong><em>4\u00aa noite dia da festa \u2013 25\/01 (quarta-feira)<\/em><\/strong><\/p>\n<p class=\"m_-1680794527207776476gmail-MsoPlainText\" style=\"text-align: justify;\"><em>18h-Prociss\u00e3o<\/em><\/p>\n<p class=\"m_-1680794527207776476gmail-MsoPlainText\" style=\"text-align: justify;\"><em>19h-Missa solene, com a participa\u00e7\u00e3o do minist\u00e9rio de m\u00fasica Santo Antonio.<\/em><\/p>\n<p class=\"m_-1680794527207776476gmail-MsoPlainText\" style=\"text-align: justify;\"><em>Convidados: todos os grupos, pastorais, movimentos, comunidades povo em geral\u00a0 da Igreja de\u00a0 Santa Rita de C\u00e1ssia.<\/em><\/p>\n<p class=\"m_-1680794527207776476gmail-MsoPlainText\" style=\"text-align: justify;\"><em>\u00a0<\/em><\/p>\n<p class=\"m_-1680794527207776476gmail-MsoPlainText\" style=\"text-align: justify;\"><em>Organiza\u00e7\u00e3o e realiza\u00e7\u00e3o<\/em><\/p>\n<p class=\"m_-1680794527207776476gmail-MsoPlainText\" style=\"text-align: justify;\"><em>Comunidade de S\u00e3o Paulo Ap\u00f3stolo<\/em><\/p>\n<p class=\"m_-1680794527207776476gmail-MsoPlainText\" style=\"text-align: justify;\"><em>Paroquia Santa Rita de C\u00e1ssia de Itabuna<\/em><\/p>\n<p class=\"m_-1680794527207776476gmail-MsoPlainText\" style=\"text-align: justify;\">Texto:Reda\u00e7\u00e3o Portal Cat\u00f3lico<\/p>\n<p class=\"m_-1680794527207776476gmail-MsoPlainText\" style=\"text-align: justify;\"><em>\u00a0<\/em><\/p>\n","protected":false},"excerpt":{"rendered":"<p>A comunidade do S\u00e3o Paulo Ap\u00f3stolo, localizado no bairro Novo S\u00e3o Caetano, em Itabuna, realizar\u00e1 o Tr\u00edduo em prepara\u00e7\u00e3o para a festa do padroeiro do bairro.\u00a0 Com o tema central: Como \u00a0Maria e Paulo, anunciamos o evangelho de Jesus.\u201d Com a santa missa, todas as noites sempre \u00e1s 19h. O tr\u00edduo tem inicio no domingo,&nbsp;<\/p>\n<p><a class=\"btn btn-style\" href=\"http:\/\/portalcatolico.net\/portal\/vem-ai-o-triduo-de-sao-paulo-apostolo-em-itabuna\/\">Continue Reading<\/a><\/p>\n","protected":false},"author":2,"featured_media":16565,"comment_status":"open","ping_status":"open","sticky":false,"template":"","format":"standard","meta":{"footnotes":""},"categories":[1],"tags":[],"class_list":["post-16564","post","type-post","status-publish","format-standard","has-post-thumbnail","hentry","category-agenda"],"_links":{"self":[{"href":"http:\/\/portalcatolico.net\/portal\/wp-json\/wp\/v2\/posts\/16564","targetHints":{"allow":["GET"]}}],"collection":[{"href":"http:\/\/portalcatolico.net\/portal\/wp-json\/wp\/v2\/posts"}],"about":[{"href":"http:\/\/portalcatolico.net\/portal\/wp-json\/wp\/v2\/types\/post"}],"author":[{"embeddable":true,"href":"http:\/\/portalcatolico.net\/portal\/wp-json\/wp\/v2\/users\/2"}],"replies":[{"embeddable":true,"href":"http:\/\/portalcatolico.net\/portal\/wp-json\/wp\/v2\/comments?post=16564"}],"version-history":[{"count":1,"href":"http:\/\/portalcatolico.net\/portal\/wp-json\/wp\/v2\/posts\/16564\/revisions"}],"predecessor-version":[{"id":16566,"href":"http:\/\/portalcatolico.net\/portal\/wp-json\/wp\/v2\/posts\/16564\/revisions\/16566"}],"wp:featuredmedia":[{"embeddable":true,"href":"http:\/\/portalcatolico.net\/portal\/wp-json\/wp\/v2\/media\/16565"}],"wp:attachment":[{"href":"http:\/\/portalcatolico.net\/portal\/wp-json\/wp\/v2\/media?parent=16564"}],"wp:term":[{"taxonomy":"category","embeddable":true,"href":"http:\/\/portalcatolico.net\/portal\/wp-json\/wp\/v2\/categories?post=16564"},{"taxonomy":"post_tag","embeddable":true,"href":"http:\/\/portalcatolico.net\/portal\/wp-json\/wp\/v2\/tags?post=16564"}],"curies":[{"name":"wp","href":"https:\/\/api.w.org\/{rel}","templated":true}]}}