{"id":16560,"date":"2017-01-20T00:25:59","date_gmt":"2017-01-20T00:25:59","guid":{"rendered":"http:\/\/portalcatolico.net\/portal\/?p=16560"},"modified":"2017-01-20T00:25:59","modified_gmt":"2017-01-20T00:25:59","slug":"regional-nordeste-3-da-cnbb-se-reune-para-discutir-os-problemas-no-sistema-prisional","status":"publish","type":"post","link":"http:\/\/portalcatolico.net\/portal\/regional-nordeste-3-da-cnbb-se-reune-para-discutir-os-problemas-no-sistema-prisional\/","title":{"rendered":"Regional Nordeste 3 da CNBB se re\u00fane para discutir os problemas no sistema prisional"},"content":{"rendered":"<p style=\"text-align: justify;\">Com o objetivo de discutir meios de amenizar os problemas existentes no sistema prisional do Estado da Bahia, a presid\u00eancia do Regional Nordeste 3 da CNBB e a coordena\u00e7\u00e3o regional da Pastoral Carcer\u00e1ria realizaram uma reuni\u00e3o ontem (18), no Centro de Pastoral da C\u00faria Metropolitana de Salvador. Participaram do encontro o bispo de Cama\u00e7ari e presidente do Regional Nordeste 3 da CNBB, Dom Jo\u00e3o Carlos Petrini; o bispo auxiliar de Salvador e secret\u00e1rio geral do Regional, Dom Gilson Andrade da Silva; o Arcebispo de Feira de Santana, Dom Zanoni Demettino Castro; o bispo de Serrinha e referencial da Pastoral Carcer\u00e1ria no Regional Nordeste 3, Dom Ottorino Assolari; o coordenador estadual da Pastoral, Franco, o Assessor Jur\u00eddico, Davi Pedreira; al\u00e9m de outros dirigentes da Pastoral Carcer\u00e1ria a n\u00edvel estadual.<\/p>\n<p>O principal assunto discutido pelos presentes foi a preocupa\u00e7\u00e3o com a seguran\u00e7a dos internos, tendo em vista os \u00faltimos acontecimentos em que presos foram exterminados dentro de pres\u00eddios brasileiros por causa de problemas como superlota\u00e7\u00e3o, maus tratos, etc. De acordo com o Assessor Jur\u00eddico da Pastoral Carcer\u00e1ria do Regional Nordeste 3, Davi Pedreira, os pres\u00eddios da Bahia est\u00e3o em estado cr\u00edtico e precisam de mais aten\u00e7\u00e3o do governo.<\/p>\n<p>\u201cA Bahia tem o dobro ou o triplo de presos na cadeia, ou seja, numa cela que cabem dois, tem cinco, seis ou sete presos. O Estado diz que s\u00f3 tem 30% a mais nos espa\u00e7os, mas isso \u00e9 uma mentira. Eles dizem isso se baseando pelo n\u00famero de vagas, mas o n\u00famero de vagas n\u00e3o \u00e9 real, porque muitas celas est\u00e3o deterioradas. A Bahia tem 60% de presos provis\u00f3rios que \u00e9 uma coisa absurda. O direito prev\u00ea na sua concep\u00e7\u00e3o acad\u00eamica, que o preso s\u00f3 ficasse preso provisoriamente sem ser julgado em casos excepcionais, mas \u00e9 t\u00e3o lenta a justi\u00e7a baiana que 60% de presos est\u00e3o sendo julgados ainda\u201d, disse o assessor.<\/p>\n<p>Uma comiss\u00e3o da Pastoral Carcer\u00e1ria est\u00e1 tentando agendar uma reuni\u00e3o com o governador da Bahia, Rui Costa, para apresentar um documento com as sugest\u00f5es e prioridades apontadas durante a reuni\u00e3o. Dom Ottorino, bispo respons\u00e1vel pela Pastoral Carcer\u00e1ria no Regional, enfatizou a import\u00e2ncia de ter um apoio do governo diante da situa\u00e7\u00e3o pela qual os pres\u00eddios est\u00e3o passando.<img loading=\"lazy\" decoding=\"async\" class=\"size-medium wp-image-16562 alignright\" src=\"http:\/\/portalcatolico.net\/portal\/wp-content\/uploads\/2017\/01\/670cc6f4-f4e1-4cf7-82cf-548c8d760f12-300x169.jpg\" alt=\"670cc6f4-f4e1-4cf7-82cf-548c8d760f12\" width=\"300\" height=\"169\" srcset=\"http:\/\/portalcatolico.net\/portal\/wp-content\/uploads\/2017\/01\/670cc6f4-f4e1-4cf7-82cf-548c8d760f12-300x169.jpg 300w, http:\/\/portalcatolico.net\/portal\/wp-content\/uploads\/2017\/01\/670cc6f4-f4e1-4cf7-82cf-548c8d760f12-768x432.jpg 768w, http:\/\/portalcatolico.net\/portal\/wp-content\/uploads\/2017\/01\/670cc6f4-f4e1-4cf7-82cf-548c8d760f12-1024x576.jpg 1024w, http:\/\/portalcatolico.net\/portal\/wp-content\/uploads\/2017\/01\/670cc6f4-f4e1-4cf7-82cf-548c8d760f12.jpg 1280w\" sizes=\"auto, (max-width: 300px) 100vw, 300px\" \/><\/p>\n<p>\u201cN\u00f3s queremos ir at\u00e9 o governador para que assuma pessoalmente a responsabilidade dos pres\u00eddios, porque cabe a ele, como governador, assumir pessoalmente e a situa\u00e7\u00e3o \u00e9 grave aqui na Bahia&#8230; tem muitos problemas e poderia de uma hora pra outra ter uma bomba de repente, sem previs\u00e3o nenhuma. Mandamos o convite ao governador, porque o quanto antes tivermos uma resposta, mais r\u00e1pido o problema poder\u00e1 ser resolvido. N\u00f3s esperamos que atrav\u00e9s disso possamos ficar com mais tranquilidade\u201d, contou o bispo.<\/p>\n<p>Na reuni\u00e3o ainda foram discutidos os problemas nas pol\u00edticas p\u00fablicas dentro do pr\u00f3prio pres\u00eddio. A inten\u00e7\u00e3o \u00e9 que aumente o n\u00famero de escolas, melhores condi\u00e7\u00f5es de trabalho para os presos, al\u00e9m da diminui\u00e7\u00e3o do excesso de pris\u00f5es provis\u00f3rias. Outra sugest\u00e3o apontada \u00e9 a possibilidade de realizar conv\u00eanios com universidades que disponibilizem estagi\u00e1rios do curso de direito, para que os estudantes possam dar suporte ao sistema judici\u00e1rio prisional.<\/p>\n<p>Texto: Rosa Brito<br \/>\nFotos: Lilian Kastro<\/p>\n","protected":false},"excerpt":{"rendered":"<p>Com o objetivo de discutir meios de amenizar os problemas existentes no sistema prisional do Estado da Bahia, a presid\u00eancia do Regional Nordeste 3 da CNBB e a coordena\u00e7\u00e3o regional da Pastoral Carcer\u00e1ria realizaram uma reuni\u00e3o ontem (18), no Centro de Pastoral da C\u00faria Metropolitana de Salvador. Participaram do encontro o bispo de Cama\u00e7ari e&nbsp;<\/p>\n<p><a class=\"btn btn-style\" href=\"http:\/\/portalcatolico.net\/portal\/regional-nordeste-3-da-cnbb-se-reune-para-discutir-os-problemas-no-sistema-prisional\/\">Continue Reading<\/a><\/p>\n","protected":false},"author":2,"featured_media":16561,"comment_status":"open","ping_status":"open","sticky":false,"template":"","format":"standard","meta":{"footnotes":""},"categories":[2],"tags":[],"class_list":["post-16560","post","type-post","status-publish","format-standard","has-post-thumbnail","hentry","category-eventos"],"_links":{"self":[{"href":"http:\/\/portalcatolico.net\/portal\/wp-json\/wp\/v2\/posts\/16560","targetHints":{"allow":["GET"]}}],"collection":[{"href":"http:\/\/portalcatolico.net\/portal\/wp-json\/wp\/v2\/posts"}],"about":[{"href":"http:\/\/portalcatolico.net\/portal\/wp-json\/wp\/v2\/types\/post"}],"author":[{"embeddable":true,"href":"http:\/\/portalcatolico.net\/portal\/wp-json\/wp\/v2\/users\/2"}],"replies":[{"embeddable":true,"href":"http:\/\/portalcatolico.net\/portal\/wp-json\/wp\/v2\/comments?post=16560"}],"version-history":[{"count":1,"href":"http:\/\/portalcatolico.net\/portal\/wp-json\/wp\/v2\/posts\/16560\/revisions"}],"predecessor-version":[{"id":16563,"href":"http:\/\/portalcatolico.net\/portal\/wp-json\/wp\/v2\/posts\/16560\/revisions\/16563"}],"wp:featuredmedia":[{"embeddable":true,"href":"http:\/\/portalcatolico.net\/portal\/wp-json\/wp\/v2\/media\/16561"}],"wp:attachment":[{"href":"http:\/\/portalcatolico.net\/portal\/wp-json\/wp\/v2\/media?parent=16560"}],"wp:term":[{"taxonomy":"category","embeddable":true,"href":"http:\/\/portalcatolico.net\/portal\/wp-json\/wp\/v2\/categories?post=16560"},{"taxonomy":"post_tag","embeddable":true,"href":"http:\/\/portalcatolico.net\/portal\/wp-json\/wp\/v2\/tags?post=16560"}],"curies":[{"name":"wp","href":"https:\/\/api.w.org\/{rel}","templated":true}]}}