{"id":16556,"date":"2017-01-20T00:15:36","date_gmt":"2017-01-20T00:15:36","guid":{"rendered":"http:\/\/portalcatolico.net\/portal\/?p=16556"},"modified":"2017-01-20T17:31:44","modified_gmt":"2017-01-20T17:31:44","slug":"mineiros-e-seu-santuario","status":"publish","type":"post","link":"http:\/\/portalcatolico.net\/portal\/mineiros-e-seu-santuario\/","title":{"rendered":"Mineiros e seu Santu\u00e1rio"},"content":{"rendered":"<p style=\"text-align: justify;\">O desenvolvimento integral de uma sociedade depende, significativamente, de sua capacidade para valorizar e cuidar do seu patrim\u00f4nio, que inclui personagens e acontecimentos da sua hist\u00f3ria. S\u00e3o eles que tecem a cultura &#8211; alicerce do progresso, do desenvolvimento, do sentido de respeito. Por isso, os mineiros t\u00eam que aproveitar a \u201coportunidade de ouro\u201d que marca este novo ano e, assim, impulsionar crescimentos, consolidar a for\u00e7a do Estado de Minas Gerais, nos mais diferentes cen\u00e1rios. Esse momento especial \u00e9 a celebra\u00e7\u00e3o do Ano Jubilar &#8211; os 250 anos do povo peregrinando na f\u00e9 ao Santu\u00e1rio Nossa Senhora da Piedade &#8211; a Padroeira de Minas Gerais.<\/p>\n<p style=\"text-align: justify;\">A viv\u00eancia deste tempo \u00e9 uma convoca\u00e7\u00e3o que remete todos os mineiros \u00e0 Serra da Piedade, tesouro \u00a0de inestim\u00e1vel valor ambiental e ecol\u00f3gico. Ali est\u00e1 um milagre da natureza, obra do Criador, com riqu\u00edssima fauna que \u00e9 refer\u00eancia para pesquisas cient\u00edficas de diferentes centros acad\u00eamicos. Esse singular jardim bot\u00e2nico congrega, harmoniosamente, a Mata Atl\u00e2ntica, o Cerrado e os Campos Rupestres. Um territ\u00f3rio com mais de um milh\u00e3o de metros quadrados, assentado sobre uma rocha de ferro, minas de ouro e aqu\u00edfero exuberante, patrim\u00f4nio que jamais ser\u00e1 presa do desarvoro do lucro e da ambi\u00e7\u00e3o desmedida. Este Ano Jubilar \u00e9, justamente, tempo prop\u00edcio para se firmar &#8211; a partir de legisla\u00e7\u00f5es, gestos concretos de solidariedade e atitudes cidad\u00e3s &#8211; conforme se reza na ora\u00e7\u00e3o de consagra\u00e7\u00e3o a Nossa Senhora da Piedade &#8211; Padroeira de Minas Gerais: esse patrim\u00f4nio \u00e9 heran\u00e7a nossa que vamos sempre preservar e defender.<\/p>\n<p style=\"text-align: justify;\">A prote\u00e7\u00e3o desse bem significa o rompimento com as din\u00e2micas que deixam \u201cheran\u00e7as nefastas\u201d, verdadeiras ofensas: as graves feridas na casa comum, os buracos e as devasta\u00e7\u00f5es que nunca ser\u00e3o apagados da hist\u00f3ria em raz\u00e3o dos pesos e das desola\u00e7\u00f5es que provocam. Por tudo isso, a defesa do Santu\u00e1rio Ecol\u00f3gico dedicado a Nossa Senhora da Piedade \u00e9 compromisso da Igreja, mas tamb\u00e9m de todos os segmentos da sociedade, que precisam trabalhar juntos, em coopera\u00e7\u00e3o, a partir dessa miss\u00e3o. N\u00e3o h\u00e1 espa\u00e7o nem tempo para irracionalidades &#8211; a exemplo do desejo de se mostrar poder com a imposi\u00e7\u00e3o de entraves burocr\u00e1ticos aos projetos reconhecidamente necess\u00e1rios para a preserva\u00e7\u00e3o do meio ambiente e do patrim\u00f4nio hist\u00f3rico.\u00a0 Essas obstru\u00e7\u00f5es, de \u00f3rg\u00e3os governamentais ou de outras inst\u00e2ncias, impedem a efetiva\u00e7\u00e3o de iniciativas capazes de impulsionar o desenvolvimento de Minas. A\u00e7\u00f5es com for\u00e7a para amalgamar as muitas Minas, superando dispers\u00f5es regionais, para consolidar uma \u201cconsci\u00eancia mineira\u201d. A retomada do crescimento e do desenvolvimento do Estado depende dessa consci\u00eancia que nasce da valoriza\u00e7\u00e3o do pr\u00f3prio patrim\u00f4nio e da cultura. Um olhar valorativo sobre o que se \u00e9 e o que se tem.<\/p>\n<p style=\"text-align: justify;\">Esse olhar permite reconhecer tamb\u00e9m os tesouros da religiosidade, um legado de riqueza inestim\u00e1vel desse estado diamante. O Ano Jubilar celebrado em 2017 exalta, precisamente, a f\u00e9 cat\u00f3lica mineira &#8211; 250 anos de peregrina\u00e7\u00f5es ao Santu\u00e1rio da Padroeira de Minas Gerais. O ponto de partida \u00e9 convers\u00e3o de Ant\u00f4nio da Silva Bracarena, em 1767. Esse portugu\u00eas veio para o Brasil com o objetivo de ganhar dinheiro, trabalhando na constru\u00e7\u00e3o da Igreja Nossa Senhora do Bonsucesso, em Caet\u00e9, exemplar precioso da arte barroca. Convertido, Bracarena colocou no horizonte de sua vida &#8211; no lugar de uma busca ego\u00edsta pelo ac\u00famulo de bens &#8211; a espiritualidade e a devo\u00e7\u00e3o. Passou a viver no alto da Serra da Piedade, como eremita e, ap\u00f3s receber autoriza\u00e7\u00e3o da Igreja, come\u00e7ou a construir a Ermida da Padroeira de Minas, ainda em 1767.<\/p>\n<p style=\"text-align: justify;\">Tempos depois a hist\u00f3ria do Santu\u00e1rio da Padroeira de Minas Gerais \u00e9 enriquecida com um dom alcan\u00e7ado gra\u00e7as ao trabalho do Cardeal Carlos Carmelo de Vasconcelos Motta, que integrou o clero da Arquidiocese de Belo Horizonte. A partir da atua\u00e7\u00e3o desse mineiro ilustre, que foi colaborador do Monsenhor Domingos Evangelista Pinheiro &#8211; o Evangelista da Piedade &#8211;\u00a0 admir\u00e1vel guardi\u00e3o desse territ\u00f3rio sagrado, um cap\u00edtulo importante foi escrito na hist\u00f3ria de Minas: o Papa S\u00e3o Jo\u00e3o XXIII concedeu ao Santu\u00e1rio Nossa Senhora da Piedade o t\u00edtulo de Santu\u00e1rio da Padroeira de Minas Gerais.\u00a0 Firma-se, assim e cada vez mais, esse territ\u00f3rio como grande centro de espiritualidade, for\u00e7a indispens\u00e1vel que conduz a sociedade mineira rumo a avan\u00e7os, a partir da f\u00e9, do compromisso com a justi\u00e7a e com o bem de todos.<\/p>\n<p style=\"text-align: justify;\">O Santu\u00e1rio Nossa Senhora da Piedade \u00e9 o cora\u00e7\u00e3o de Minas Gerais e este Ano Jubilar deve ser vivido sobre os trilhos da ora\u00e7\u00e3o e do trabalho. Nos trilhos da ora\u00e7\u00e3o, todos s\u00e3o convidados a peregrinar &#8211; em grupos, com as comunidades de f\u00e9 e fam\u00edlias, para viver os momentos que re\u00fanem celebra\u00e7\u00f5es e a oportunidade de se reconciliar com Deus. Momentos prop\u00edcios para deixar-se tocar pela for\u00e7a restauradora do sil\u00eancio da montanha sagrada, por sua aragem que limpa o cora\u00e7\u00e3o, fecundando-o com a densidade espiritual da presen\u00e7a inspiradora de Maria, disc\u00edpula exemplar. Esse Ano Jubilar, que precisa ser vivido tamb\u00e9m nos trilhos do trabalho, \u00e9 convoca\u00e7\u00e3o para que todos, em parceria e colabora\u00e7\u00e3o com os que integram a Fa\u00e7o Parte &#8211; Campanha dos Devotos de Nossa Senhora da Piedade -, inst\u00e2ncias governamentais e segmentos diversos, se comprometam com a realiza\u00e7\u00e3o de obras fundamentais: a edifica\u00e7\u00e3o da Via do Peregrino, do Museu Maria Regina Mundi, a conclus\u00e3o e restaura\u00e7\u00e3o da Igreja Nova das Romarias, que pode tornar-se Bas\u00edlica da Padroeira de Minas.<\/p>\n<p style=\"text-align: justify;\">Essas e tantas outras iniciativas buscam fortalecer, cada vez mais, o Santu\u00e1rio e, consequentemente, as batidas do Cora\u00e7\u00e3o de Minas, que \u00e9 esse territ\u00f3rio sagrado.\u00a0 Peregrinar ao Santu\u00e1rio e receber a gra\u00e7a de uma nova etapa na vida &#8211; abrindo um novo ciclo familiar, pessoal e social, de vida cidad\u00e3 e religiosa -, al\u00e9m de assumir a tarefa de divulgar que Nossa Senhora da Piedade \u00e9 a Padroeira de Minas Gerais. Um compromisso de todos, ato de f\u00e9 e de religiosidade, de cidadania e de apre\u00e7o pelo dom de ser do Estado de Minas Gerais. \u00a0Agora \u00e9 a hora dos mineiros e de seu Santu\u00e1rio.<\/p>\n<p style=\"text-align: justify;\">Autor: Dom Walmor Oliveira de Azevedo<\/p>\n<p style=\"text-align: justify;\">Arcebispo metropolitano de Belo Horizonte<\/p>\n<p style=\"text-align: justify;\"><strong>Por Samir Jared<\/strong><\/p>\n<p style=\"text-align: justify;\">Assessoria de Comunica\u00e7\u00e3o e Marketing<\/p>\n<p>&nbsp;<\/p>\n<p>&nbsp;<\/p>\n","protected":false},"excerpt":{"rendered":"<p>O desenvolvimento integral de uma sociedade depende, significativamente, de sua capacidade para valorizar e cuidar do seu patrim\u00f4nio, que inclui personagens e acontecimentos da sua hist\u00f3ria. S\u00e3o eles que tecem a cultura &#8211; alicerce do progresso, do desenvolvimento, do sentido de respeito. Por isso, os mineiros t\u00eam que aproveitar a \u201coportunidade de ouro\u201d que marca&nbsp;<\/p>\n<p><a class=\"btn btn-style\" href=\"http:\/\/portalcatolico.net\/portal\/mineiros-e-seu-santuario\/\">Continue Reading<\/a><\/p>\n","protected":false},"author":2,"featured_media":16557,"comment_status":"open","ping_status":"open","sticky":false,"template":"","format":"standard","meta":{"footnotes":""},"categories":[69],"tags":[],"class_list":["post-16556","post","type-post","status-publish","format-standard","has-post-thumbnail","hentry","category-artigos"],"_links":{"self":[{"href":"http:\/\/portalcatolico.net\/portal\/wp-json\/wp\/v2\/posts\/16556","targetHints":{"allow":["GET"]}}],"collection":[{"href":"http:\/\/portalcatolico.net\/portal\/wp-json\/wp\/v2\/posts"}],"about":[{"href":"http:\/\/portalcatolico.net\/portal\/wp-json\/wp\/v2\/types\/post"}],"author":[{"embeddable":true,"href":"http:\/\/portalcatolico.net\/portal\/wp-json\/wp\/v2\/users\/2"}],"replies":[{"embeddable":true,"href":"http:\/\/portalcatolico.net\/portal\/wp-json\/wp\/v2\/comments?post=16556"}],"version-history":[{"count":2,"href":"http:\/\/portalcatolico.net\/portal\/wp-json\/wp\/v2\/posts\/16556\/revisions"}],"predecessor-version":[{"id":16559,"href":"http:\/\/portalcatolico.net\/portal\/wp-json\/wp\/v2\/posts\/16556\/revisions\/16559"}],"wp:featuredmedia":[{"embeddable":true,"href":"http:\/\/portalcatolico.net\/portal\/wp-json\/wp\/v2\/media\/16557"}],"wp:attachment":[{"href":"http:\/\/portalcatolico.net\/portal\/wp-json\/wp\/v2\/media?parent=16556"}],"wp:term":[{"taxonomy":"category","embeddable":true,"href":"http:\/\/portalcatolico.net\/portal\/wp-json\/wp\/v2\/categories?post=16556"},{"taxonomy":"post_tag","embeddable":true,"href":"http:\/\/portalcatolico.net\/portal\/wp-json\/wp\/v2\/tags?post=16556"}],"curies":[{"name":"wp","href":"https:\/\/api.w.org\/{rel}","templated":true}]}}