{"id":16553,"date":"2017-01-19T01:04:53","date_gmt":"2017-01-19T01:04:53","guid":{"rendered":"http:\/\/portalcatolico.net\/portal\/?p=16553"},"modified":"2017-01-19T01:06:18","modified_gmt":"2017-01-19T01:06:18","slug":"portal-catolico-recebe-titulo-de-honra-ao-merito","status":"publish","type":"post","link":"http:\/\/portalcatolico.net\/portal\/portal-catolico-recebe-titulo-de-honra-ao-merito\/","title":{"rendered":"Portal Cat\u00f3lico recebe T\u00edtulo de Honra ao M\u00e9rito"},"content":{"rendered":"<p class=\"m_8761567354699417013xgmail-msonospacing\" style=\"text-align: justify;\"><em>O T\u00edtulo de Honra ao M\u00e9rito\u00a0consiste em um t\u00edtulo de virtude\u00a0\u00a0dado \u00e0s pessoas ou organiza\u00e7\u00f5es que atingiram o reconhecimento p\u00fablico das suas atividades. Este reconhecimento chegou ao Portal Cat\u00f3lico de noticias e uma TV em Itabuna, depois de ter colaborado com a divulga\u00e7\u00e3o da Restaura\u00e7\u00e3o dos altares da \u00a0par\u00f3quia S\u00e3o Miguel Arcanjo na cidade de Itacar\u00e9, pertencente \u00e0 Diocese de Ilh\u00e9us no Sul da Bahia.\u00a0 <\/em><u><\/u><u><\/u><\/p>\n<p class=\"m_8761567354699417013xgmail-msonospacing\" style=\"text-align: justify;\"><em>Receber o Titulo de Honra ao M\u00e9rito, que traduz a f\u00e9 e o trabalho do Portal Cat\u00f3lico de evangeliza\u00e7\u00e3o aos irm\u00e3os \u00e9 o reconhecimento aos relevantes servi\u00e7os prestados e o esfor\u00e7o em prol da constru\u00e7\u00e3o do Reino de Deus. \u00c9 gratificante quando temos a oportunidade de servir \u00e0 comunidade e por ela ser servida e com objetivo voltado para a \u00a0evangeliza\u00e7\u00e3o em Itabuna, Ilh\u00e9us e regi\u00e3o.<\/em><u><\/u><u><\/u><\/p>\n<p class=\"m_8761567354699417013xgmail-msonospacing\" style=\"text-align: justify;\"><em>A coordenadora do projeto, Maria das Gra\u00e7as, agradeceu e parabenizou pelo trabalho do Portal Cat\u00f3lico, reiterando que esse meio impulsionou outros sites a divulgarem o projeto t\u00e3o importante.<u><\/u><u><\/u><\/em><\/p>\n<p class=\"m_8761567354699417013xgmail-msonospacing\" style=\"text-align: justify;\"><em>O Portal Cat\u00f3lico aproveita a oportunidade para agradecer e parabenizar a Coordena\u00e7\u00e3o do projeto , ao padre Ednaldo Cardoso, ao bispo dom Mauro, aos turistas, paroquianos e a todos que estiveram engajados na realiza\u00e7\u00e3o desse sonho.<\/em><u><\/u><u><\/u><\/p>\n<p class=\"m_8761567354699417013xgmail-msonospacing\" style=\"text-align: justify;\"><em>Este T\u00edtulo de Honra ao M\u00e9rito \u00e9 dedicado a voc\u00ea, leitor e colaborador, que est\u00e1 sempre acessando, curtindo e compartilhando as mat\u00e9rias do Portal e dando visibilidade a este trabalhos nas redes sociais.<u><\/u><u><\/u><\/em><\/p>\n<p class=\"m_8761567354699417013xgmail-msonospacing\" style=\"text-align: justify;\"><em>Muito obrigado!<\/em><\/p>\n","protected":false},"excerpt":{"rendered":"<p>O T\u00edtulo de Honra ao M\u00e9rito\u00a0consiste em um t\u00edtulo de virtude\u00a0\u00a0dado \u00e0s pessoas ou organiza\u00e7\u00f5es que atingiram o reconhecimento p\u00fablico das suas atividades. Este reconhecimento chegou ao Portal Cat\u00f3lico de noticias e uma TV em Itabuna, depois de ter colaborado com a divulga\u00e7\u00e3o da Restaura\u00e7\u00e3o dos altares da \u00a0par\u00f3quia S\u00e3o Miguel Arcanjo na cidade de&nbsp;<\/p>\n<p><a class=\"btn btn-style\" href=\"http:\/\/portalcatolico.net\/portal\/portal-catolico-recebe-titulo-de-honra-ao-merito\/\">Continue Reading<\/a><\/p>\n","protected":false},"author":2,"featured_media":16554,"comment_status":"open","ping_status":"open","sticky":false,"template":"","format":"standard","meta":{"footnotes":""},"categories":[4],"tags":[],"class_list":["post-16553","post","type-post","status-publish","format-standard","has-post-thumbnail","hentry","category-destaques"],"_links":{"self":[{"href":"http:\/\/portalcatolico.net\/portal\/wp-json\/wp\/v2\/posts\/16553","targetHints":{"allow":["GET"]}}],"collection":[{"href":"http:\/\/portalcatolico.net\/portal\/wp-json\/wp\/v2\/posts"}],"about":[{"href":"http:\/\/portalcatolico.net\/portal\/wp-json\/wp\/v2\/types\/post"}],"author":[{"embeddable":true,"href":"http:\/\/portalcatolico.net\/portal\/wp-json\/wp\/v2\/users\/2"}],"replies":[{"embeddable":true,"href":"http:\/\/portalcatolico.net\/portal\/wp-json\/wp\/v2\/comments?post=16553"}],"version-history":[{"count":1,"href":"http:\/\/portalcatolico.net\/portal\/wp-json\/wp\/v2\/posts\/16553\/revisions"}],"predecessor-version":[{"id":16555,"href":"http:\/\/portalcatolico.net\/portal\/wp-json\/wp\/v2\/posts\/16553\/revisions\/16555"}],"wp:featuredmedia":[{"embeddable":true,"href":"http:\/\/portalcatolico.net\/portal\/wp-json\/wp\/v2\/media\/16554"}],"wp:attachment":[{"href":"http:\/\/portalcatolico.net\/portal\/wp-json\/wp\/v2\/media?parent=16553"}],"wp:term":[{"taxonomy":"category","embeddable":true,"href":"http:\/\/portalcatolico.net\/portal\/wp-json\/wp\/v2\/categories?post=16553"},{"taxonomy":"post_tag","embeddable":true,"href":"http:\/\/portalcatolico.net\/portal\/wp-json\/wp\/v2\/tags?post=16553"}],"curies":[{"name":"wp","href":"https:\/\/api.w.org\/{rel}","templated":true}]}}