{"id":16550,"date":"2017-01-18T22:36:12","date_gmt":"2017-01-18T22:36:12","guid":{"rendered":"http:\/\/portalcatolico.net\/portal\/?p=16550"},"modified":"2017-01-18T22:36:12","modified_gmt":"2017-01-18T22:36:12","slug":"esperanca-e-oracao-caminham-juntas-papa-na-audiencia-geral","status":"publish","type":"post","link":"http:\/\/portalcatolico.net\/portal\/esperanca-e-oracao-caminham-juntas-papa-na-audiencia-geral\/","title":{"rendered":"Esperan\u00e7a e ora\u00e7\u00e3o caminham juntas &#8211; Papa na audiencia geral"},"content":{"rendered":"<p style=\"text-align: justify;\">Nesta quarta-feira, 18 de Janeiro, o Papa realizou, como habitualmente, a sua catequese semanal, na Aula Paulo VI, falando da esperan\u00e7a crist\u00e3.<\/p>\n<p style=\"text-align: justify;\">Francisco comentou o texto b\u00edblico do G\u00e9nesis sobre o epis\u00f3dio em que o Senhor envia o profeta Jonas a N\u00ednive para converter os habitantes daquela grande cidade israelita que eram pag\u00e3os. Mas Jonas \u2013 disse o Papa &#8211; era uma figura um pouco an\u00f3mala e perante esse pedido para ir para uma periferia hostil a Jerusal\u00e9m, foge como quem em vez de ir para o Iraque (onde se encontra hoje N\u00ednive) vai para Espanha. E durante a travessia do mar, h\u00e1 uma grande tempestade. Os marinheiros pag\u00e3os, p\u00f5em-se, ent\u00e3o, cada um, a rezar o seu pr\u00f3prio deus. E Jonas que estava na estiva a dormir, \u00e9 acordado pelo capit\u00e3o que lhe pergunta porque dormia em vez de rezar o seu deus para os salvar.<\/p>\n<p style=\"text-align: justify;\">Perante o perigo, todos p\u00f5em-se a rezar &#8211; retoma o Papa, mostrando como situa\u00e7\u00f5es como esta, \u00a0em que a nossa vida \u00e9 ameada, levam-nos a descobrir a ora\u00e7\u00e3o, a esperan\u00e7a de salva\u00e7\u00e3o, a esperan\u00e7a no Deus da vida. A esperan\u00e7a torna-se ora\u00e7\u00e3o.<\/p>\n<p style=\"text-align: justify;\"><strong>\u201cMuitas vezes, desdenhamos com facilidade o dirigir-se a Deus como se fosse s\u00f3 uma ora\u00e7\u00e3o interessada, e por isso imperfeita. Mas Deus conhece a nossa fraqueza, sabe que nos recordamos d\u2019Ele\u00a0 para pedir ajuda, e com o sorriso indulgente de um pai, Deus responde com benevol\u00eancia<\/strong>\u201d.<\/p>\n<p style=\"text-align: justify;\">Jonas acaba por assumir as suas responsabilidades \u2013 frisa o Papa &#8211; e atira-se ao mar para salvar os seus companheiros; deste modo a tempestade aplaca-se. A morte iminente que levou os pag\u00e3os \u00e0 ora\u00e7\u00e3o, f\u00ea-lo descobrir a sua voca\u00e7\u00e3o ao servi\u00e7o dos outros, aceitando sacrificar-se por eles, e leva os sobreviventes a reconhecer o verdadeiro Deus; o \u00fanico Senhor do c\u00e9u e da terra.<\/p>\n<p style=\"text-align: justify;\">A partir da\u00ed, os habitantes de N\u00ednive, perante as amea\u00e7as de serem destru\u00eddos, rezam sempre, levados pela esperan\u00e7a no perd\u00e3o de Deus. E acabam por se converter todos, a come\u00e7ar pelo rei que, como o capit\u00e3o da nau, d\u00e1 voz \u00e0 esperan\u00e7a de que Deus n\u00e3o os deixar\u00e1 perecer. Ter enfrentado a morte e ter-se salvo, levou-os \u00e0 verdade. A \u201cirm\u00e3 morte\u201d, disse o Papa &#8211; citando S\u00e3o Francisco &#8211; de forma surpreendente, torna-se numa ocasi\u00e3o para conhecer a esperan\u00e7a e para encontrar o Senhor\u2026<\/p>\n<p style=\"text-align: justify;\">\u201c<strong>Que o Senhor nos fa\u00e7a compreender isto, a liga\u00e7\u00e3o entre a ora\u00e7\u00e3o e a esperan\u00e7a. A ora\u00e7\u00e3o te leva para a frente na esperan\u00e7a e quando as coisas se tornam escuras\u2026 mais ora\u00e7\u00e3o!. E haver\u00e1 mais esperan\u00e7a<\/strong>\u201d.<\/p>\n<p style=\"text-align: justify;\">Depois o Santo Padre saudou os peregrinos de diversas l\u00ednguas, entre os quais os de <strong>l\u00edngua portuguesa:<\/strong><\/p>\n<p style=\"text-align: justify;\"><strong>\u201cCom sentimentos de grata estima, vos sa\u00fado, car\u00edssimos peregrinos de l\u00edngua portuguesa, em particular a v\u00f3s, jovens do grupo \u00abThe Brazilian Tropical Violins\u00bb, lembrando a todos que hoje tem in\u00edcio o Oitav\u00e1rio de Ora\u00e7\u00e3o pela Unidade dos Crist\u00e3os, um motivo mais de apelo \u00e0 nossa comunh\u00e3o de preces e de esperan\u00e7as. O movimento ecum\u00e9nico vai frutificando, com a gra\u00e7a de Deus. O Pai do C\u00e9u continue a derramar as suas b\u00ean\u00e7\u00e3os sobre os passos de todos os seus filhos. Irm\u00e3s e irm\u00e3os muito amados, servi a causa da unidade e da paz!<\/strong>\u201d(Vaticano)<\/p>\n","protected":false},"excerpt":{"rendered":"<p>Nesta quarta-feira, 18 de Janeiro, o Papa realizou, como habitualmente, a sua catequese semanal, na Aula Paulo VI, falando da esperan\u00e7a crist\u00e3. Francisco comentou o texto b\u00edblico do G\u00e9nesis sobre o epis\u00f3dio em que o Senhor envia o profeta Jonas a N\u00ednive para converter os habitantes daquela grande cidade israelita que eram pag\u00e3os. Mas Jonas&nbsp;<\/p>\n<p><a class=\"btn btn-style\" href=\"http:\/\/portalcatolico.net\/portal\/esperanca-e-oracao-caminham-juntas-papa-na-audiencia-geral\/\">Continue Reading<\/a><\/p>\n","protected":false},"author":2,"featured_media":16551,"comment_status":"open","ping_status":"open","sticky":false,"template":"","format":"standard","meta":{"footnotes":""},"categories":[5],"tags":[],"class_list":["post-16550","post","type-post","status-publish","format-standard","has-post-thumbnail","hentry","category-igreja_no_mundo"],"_links":{"self":[{"href":"http:\/\/portalcatolico.net\/portal\/wp-json\/wp\/v2\/posts\/16550","targetHints":{"allow":["GET"]}}],"collection":[{"href":"http:\/\/portalcatolico.net\/portal\/wp-json\/wp\/v2\/posts"}],"about":[{"href":"http:\/\/portalcatolico.net\/portal\/wp-json\/wp\/v2\/types\/post"}],"author":[{"embeddable":true,"href":"http:\/\/portalcatolico.net\/portal\/wp-json\/wp\/v2\/users\/2"}],"replies":[{"embeddable":true,"href":"http:\/\/portalcatolico.net\/portal\/wp-json\/wp\/v2\/comments?post=16550"}],"version-history":[{"count":1,"href":"http:\/\/portalcatolico.net\/portal\/wp-json\/wp\/v2\/posts\/16550\/revisions"}],"predecessor-version":[{"id":16552,"href":"http:\/\/portalcatolico.net\/portal\/wp-json\/wp\/v2\/posts\/16550\/revisions\/16552"}],"wp:featuredmedia":[{"embeddable":true,"href":"http:\/\/portalcatolico.net\/portal\/wp-json\/wp\/v2\/media\/16551"}],"wp:attachment":[{"href":"http:\/\/portalcatolico.net\/portal\/wp-json\/wp\/v2\/media?parent=16550"}],"wp:term":[{"taxonomy":"category","embeddable":true,"href":"http:\/\/portalcatolico.net\/portal\/wp-json\/wp\/v2\/categories?post=16550"},{"taxonomy":"post_tag","embeddable":true,"href":"http:\/\/portalcatolico.net\/portal\/wp-json\/wp\/v2\/tags?post=16550"}],"curies":[{"name":"wp","href":"https:\/\/api.w.org\/{rel}","templated":true}]}}