{"id":16542,"date":"2017-01-18T01:45:50","date_gmt":"2017-01-18T01:45:50","guid":{"rendered":"http:\/\/portalcatolico.net\/portal\/?p=16542"},"modified":"2017-01-18T09:20:34","modified_gmt":"2017-01-18T09:20:34","slug":"paroquia-nossa-senhora-de-lourdes-em-coaraci-prepara-novenario-e-festa-de-sua-padroeira","status":"publish","type":"post","link":"http:\/\/portalcatolico.net\/portal\/paroquia-nossa-senhora-de-lourdes-em-coaraci-prepara-novenario-e-festa-de-sua-padroeira\/","title":{"rendered":"Par\u00f3quia Nossa Senhora de Lourdes em Coaraci prepara Noven\u00e1rio e Festa de sua padroeira"},"content":{"rendered":"<p class=\"m_589517491212389187xmsonormal\" style=\"text-align: justify;\"><em>A par\u00f3quia de Nossa Senhora de Lourdes, na cidade de Coaraci, pertencente \u00e0 Diocese de Ilh\u00e9us, vai homenagear a\u00a0padroeira da cidade de Coaraci. O Noven\u00e1rio \u00a0e Festa tem in\u00edcio no dia 02 de fevereiro e segue at\u00e9 o dia 11(dia dedicado a Nossa Senhora de Lourdes).<u><\/u><u><\/u><\/em><\/p>\n<p class=\"m_589517491212389187xmsonormal\" style=\"text-align: justify;\"><em>O \u00a0tema central para este ano ser\u00e1: \u201cA bem aventurada virgem Maria M\u00e3e \u00a0de Deus no minist\u00e9rio de Cristo e da Igreja.\u201d<\/em><u><\/u><u><\/u><\/p>\n<p class=\"m_589517491212389187xmsonormal\" style=\"text-align: justify;\"><em><b>Abertura da festa<\/b><\/em><u><\/u><u><\/u><\/p>\n<p class=\"m_589517491212389187xmsonormal\" style=\"text-align: justify;\"><em>Dia 29: carreata da f\u00e9. Inicio \u00e0s 16h,percorrendo as principais ruas e bairros da cidade e b\u00ean\u00e7\u00e3o especiais para os motoristas, ciclistas \u00a0e motoqueiros.<\/em><u><\/u><u><\/u><\/p>\n<p class=\"m_589517491212389187xmsonormal\" style=\"text-align: justify;\"><em>Dia 01\/02: \u00c0s 19h, prociss\u00e3o luminosa.<u><\/u><u><\/u><\/em><\/p>\n<p class=\"m_589517491212389187xmsonormal\" style=\"text-align: justify;\"><em><b>In\u00edcio das prepara\u00e7\u00f5es<\/b><\/em><u><\/u><u><\/u><\/p>\n<p class=\"m_589517491212389187xmsonormal\" style=\"text-align: justify;\"><em>Dia 02\/02: S\u00e3o nove noites de prepara\u00e7\u00e3o, com Celebra\u00e7\u00e3o Eucar\u00edstica todas as noites e logo ap\u00f3s a santa missa, quermesse, entre \u00a0outros momentos de evangeliza\u00e7\u00f5es.<\/em><u><\/u><u><\/u><\/p>\n<p class=\"m_589517491212389187xmsonormal\" style=\"text-align: justify;\"><em><b>Show<\/b><\/em><u><\/u><u><\/u><\/p>\n<p class=\"m_589517491212389187xmsonormal\" style=\"text-align: justify;\"><em>Dia 10\/02, \u00e0s 20h, na pra\u00e7a de eventos da cidade, uma das melhores banda do pa\u00eds vai se apresentar, a Banda Dominus.<\/em><u><\/u><u><\/u><\/p>\n<p class=\"m_589517491212389187xmsonormal\" style=\"text-align: justify;\"><em><b>Dia festivo<\/b><\/em><u><\/u><u><\/u><\/p>\n<p class=\"m_589517491212389187xmsonormal\" style=\"text-align: justify;\"><em>Meia noite, alvorada festiva<\/em><u><\/u><u><\/u><\/p>\n<p class=\"m_589517491212389187xmsonormal\" style=\"text-align: justify;\"><em>7h,santo of\u00edcio<\/em><u><\/u><u><\/u><\/p>\n<p class=\"m_589517491212389187xmsonormal\" style=\"text-align: justify;\"><em>10h,missa solene presidida por dom Mauro Montagnoli<u><\/u><u><\/u><\/em><\/p>\n<p class=\"m_589517491212389187xmsonormal\" style=\"text-align: justify;\"><em>16h30min, caminhada de f\u00e9 pelas ruas da cidade encerrando com a b\u00ean\u00e7\u00e3o do Sant\u00edssimo Sacramento.<\/em><\/p>\n<p class=\"m_589517491212389187xmsonormal\" style=\"text-align: justify;\">Por:Portal Cat\u00f3lico<\/p>\n<p class=\"m_589517491212389187xmsonormal\" style=\"text-align: justify;\">\n","protected":false},"excerpt":{"rendered":"<p>A par\u00f3quia de Nossa Senhora de Lourdes, na cidade de Coaraci, pertencente \u00e0 Diocese de Ilh\u00e9us, vai homenagear a\u00a0padroeira da cidade de Coaraci. O Noven\u00e1rio \u00a0e Festa tem in\u00edcio no dia 02 de fevereiro e segue at\u00e9 o dia 11(dia dedicado a Nossa Senhora de Lourdes). O \u00a0tema central para este ano ser\u00e1: \u201cA bem&nbsp;<\/p>\n<p><a class=\"btn btn-style\" href=\"http:\/\/portalcatolico.net\/portal\/paroquia-nossa-senhora-de-lourdes-em-coaraci-prepara-novenario-e-festa-de-sua-padroeira\/\">Continue Reading<\/a><\/p>\n","protected":false},"author":2,"featured_media":16545,"comment_status":"open","ping_status":"open","sticky":false,"template":"","format":"standard","meta":{"footnotes":""},"categories":[1],"tags":[],"class_list":["post-16542","post","type-post","status-publish","format-standard","has-post-thumbnail","hentry","category-agenda"],"_links":{"self":[{"href":"http:\/\/portalcatolico.net\/portal\/wp-json\/wp\/v2\/posts\/16542","targetHints":{"allow":["GET"]}}],"collection":[{"href":"http:\/\/portalcatolico.net\/portal\/wp-json\/wp\/v2\/posts"}],"about":[{"href":"http:\/\/portalcatolico.net\/portal\/wp-json\/wp\/v2\/types\/post"}],"author":[{"embeddable":true,"href":"http:\/\/portalcatolico.net\/portal\/wp-json\/wp\/v2\/users\/2"}],"replies":[{"embeddable":true,"href":"http:\/\/portalcatolico.net\/portal\/wp-json\/wp\/v2\/comments?post=16542"}],"version-history":[{"count":2,"href":"http:\/\/portalcatolico.net\/portal\/wp-json\/wp\/v2\/posts\/16542\/revisions"}],"predecessor-version":[{"id":16546,"href":"http:\/\/portalcatolico.net\/portal\/wp-json\/wp\/v2\/posts\/16542\/revisions\/16546"}],"wp:featuredmedia":[{"embeddable":true,"href":"http:\/\/portalcatolico.net\/portal\/wp-json\/wp\/v2\/media\/16545"}],"wp:attachment":[{"href":"http:\/\/portalcatolico.net\/portal\/wp-json\/wp\/v2\/media?parent=16542"}],"wp:term":[{"taxonomy":"category","embeddable":true,"href":"http:\/\/portalcatolico.net\/portal\/wp-json\/wp\/v2\/categories?post=16542"},{"taxonomy":"post_tag","embeddable":true,"href":"http:\/\/portalcatolico.net\/portal\/wp-json\/wp\/v2\/tags?post=16542"}],"curies":[{"name":"wp","href":"https:\/\/api.w.org\/{rel}","templated":true}]}}