{"id":16538,"date":"2017-01-18T00:37:17","date_gmt":"2017-01-18T00:37:17","guid":{"rendered":"http:\/\/portalcatolico.net\/portal\/?p=16538"},"modified":"2017-01-18T00:37:58","modified_gmt":"2017-01-18T00:37:58","slug":"ibicarai-prepara-i-carreata-em-homenagem-ao-senhor-deus-menino","status":"publish","type":"post","link":"http:\/\/portalcatolico.net\/portal\/ibicarai-prepara-i-carreata-em-homenagem-ao-senhor-deus-menino\/","title":{"rendered":"Ibicara\u00ed prepara I Carreata em homenagem ao Senhor Deus Menino"},"content":{"rendered":"<p style=\"text-align: justify;\">A Par\u00f3quia Senhor Deus Menino de Ibicara\u00ed (BA), pertencente \u00e0 Diocese de Itabuna, sente-se honrada em convidar voc\u00ea e toda sua fam\u00edlia para participarem da I Carreata em homenagem ao seu padroeiro, o Senhor Deus Menino.<\/p>\n<p style=\"text-align: justify;\">\u00c9 um tempo especial de ora\u00e7\u00e3o, agradecimento e louvor a Deus.<br \/>\nVenha de carro , moto , bicicleta e demonstre seu amor por nosso padroeiro.<\/p>\n<p style=\"text-align: justify;\">A grande festa vai acontecer no dia 23 de janeiro, \u00e0s 18h, saindo em frente \u00e0 Igreja Matriz do Senhor Deus Menino, no centro da cidade e ir\u00e1 percorrer as principais ruas da cidade.<br \/>\nParticipe!<\/p>\n<p style=\"text-align: justify;\">Foto:Reprodu\u00e7\u00e3o\/Facebook<\/p>\n<p style=\"text-align: justify;\">Por:Portal Cat\u00f3lico<\/p>\n","protected":false},"excerpt":{"rendered":"<p>A Par\u00f3quia Senhor Deus Menino de Ibicara\u00ed (BA), pertencente \u00e0 Diocese de Itabuna, sente-se honrada em convidar voc\u00ea e toda sua fam\u00edlia para participarem da I Carreata em homenagem ao seu padroeiro, o Senhor Deus Menino. \u00c9 um tempo especial de ora\u00e7\u00e3o, agradecimento e louvor a Deus. Venha de carro , moto , bicicleta e&nbsp;<\/p>\n<p><a class=\"btn btn-style\" href=\"http:\/\/portalcatolico.net\/portal\/ibicarai-prepara-i-carreata-em-homenagem-ao-senhor-deus-menino\/\">Continue Reading<\/a><\/p>\n","protected":false},"author":2,"featured_media":16539,"comment_status":"open","ping_status":"open","sticky":false,"template":"","format":"standard","meta":{"footnotes":""},"categories":[2],"tags":[],"class_list":["post-16538","post","type-post","status-publish","format-standard","has-post-thumbnail","hentry","category-eventos"],"_links":{"self":[{"href":"http:\/\/portalcatolico.net\/portal\/wp-json\/wp\/v2\/posts\/16538","targetHints":{"allow":["GET"]}}],"collection":[{"href":"http:\/\/portalcatolico.net\/portal\/wp-json\/wp\/v2\/posts"}],"about":[{"href":"http:\/\/portalcatolico.net\/portal\/wp-json\/wp\/v2\/types\/post"}],"author":[{"embeddable":true,"href":"http:\/\/portalcatolico.net\/portal\/wp-json\/wp\/v2\/users\/2"}],"replies":[{"embeddable":true,"href":"http:\/\/portalcatolico.net\/portal\/wp-json\/wp\/v2\/comments?post=16538"}],"version-history":[{"count":2,"href":"http:\/\/portalcatolico.net\/portal\/wp-json\/wp\/v2\/posts\/16538\/revisions"}],"predecessor-version":[{"id":16541,"href":"http:\/\/portalcatolico.net\/portal\/wp-json\/wp\/v2\/posts\/16538\/revisions\/16541"}],"wp:featuredmedia":[{"embeddable":true,"href":"http:\/\/portalcatolico.net\/portal\/wp-json\/wp\/v2\/media\/16539"}],"wp:attachment":[{"href":"http:\/\/portalcatolico.net\/portal\/wp-json\/wp\/v2\/media?parent=16538"}],"wp:term":[{"taxonomy":"category","embeddable":true,"href":"http:\/\/portalcatolico.net\/portal\/wp-json\/wp\/v2\/categories?post=16538"},{"taxonomy":"post_tag","embeddable":true,"href":"http:\/\/portalcatolico.net\/portal\/wp-json\/wp\/v2\/tags?post=16538"}],"curies":[{"name":"wp","href":"https:\/\/api.w.org\/{rel}","templated":true}]}}