{"id":16535,"date":"2017-01-18T00:32:42","date_gmt":"2017-01-18T00:32:42","guid":{"rendered":"http:\/\/portalcatolico.net\/portal\/?p=16535"},"modified":"2017-01-18T00:32:42","modified_gmt":"2017-01-18T00:32:42","slug":"pastora-que-quebrou-imagens-de-aparecida-se-arrepende-e-pede-desculpas-aos-catolicos","status":"publish","type":"post","link":"http:\/\/portalcatolico.net\/portal\/pastora-que-quebrou-imagens-de-aparecida-se-arrepende-e-pede-desculpas-aos-catolicos\/","title":{"rendered":"Pastora que quebrou imagens de Aparecida se arrepende e pede desculpas aos cat\u00f3licos"},"content":{"rendered":"<p style=\"text-align: justify;\">H\u00e1 seis dias, um v\u00eddeo de uma cerim\u00f4nia de uma igreja evang\u00e9lica de Botucatu\u00a0, no interior de S\u00e3o Paulo, causou grande repercuss\u00e3o ap\u00f3s ser postado no Facebook na ter\u00e7a-feira (10). As imagens mostram uma mulher, apontada como pastora da igreja, quebrando imagens de Nossa Senhora Aparecida.<\/p>\n<p style=\"text-align: justify;\">O internauta que postou o v\u00eddeo no Facebook apagou a publica\u00e7\u00e3o depois da repercuss\u00e3o negativa, mas o v\u00eddeo foi salvo por outras pessoas e compartilhado pelo WhatsApp.<\/p>\n<p style=\"text-align: justify;\">A grava\u00e7\u00e3o foi feita por um dos obreiros, como os membros da igreja s\u00e3o chamados, e mostra uma cerim\u00f4nia da igreja evang\u00e9lica. A pastora quebra a imagem da santa com um martelo, enquanto um grupo de pessoas faz v\u00e1rias ora\u00e7\u00f5es.<\/p>\n<p style=\"text-align: justify;\">&#8220;Oh, gl\u00f3ria. N\u00e3o aceito outro Deus. Aleluia, Jesus. Teu nome seja glorificado, Senhor. Aben\u00e7oa, Senhor, meu pai, que foi feita pelas m\u00e3os do inimigo. Seu nome ser\u00e1 honrado e glorificado. Est\u00e1 quebrada, em nome de Jesus&#8221;, dizem os obreiros.<\/p>\n<p style=\"text-align: justify;\">\u00a0A pastora sofreu uma parada card\u00edaca na noite de quinta-feira (12), em sua casa. Z\u00e9lia foi levada \u00e0s pressas para o Hospital Municipal de Botucatu e est\u00e1 fora de perigo. A equipe de reportagem do Portal Atualizado conversou com a pastora por telefone.<\/p>\n<p style=\"text-align: justify;\">\u00a0Segundo a pr\u00f3pria pastora, ela conversou com anjos antes de &#8220;voltar a terra&#8221;. &#8220;Eu conversei com anjos, me arrependo do que fiz, tenho que respeitar e espalhar amor, essa \u00e9 minha miss\u00e3o na terra.&#8221; Publicamente, Z\u00e9lia tamb\u00e9m pediu desculpas aos cat\u00f3licos pelo epis\u00f3dio.<\/p>\n<p style=\"text-align: justify;\">De acordo com o Conselho Municipal de Pastores, a pr\u00e1tica de se desfazer de uma imagem \u00e9 comum quando algu\u00e9m \u00e9 convertido \u00e0 nova religi\u00e3o, mas respeitando outras religi\u00f5es, e n\u00e3o da forma realizada pela pastora.<\/p>\n<p style=\"text-align: justify;\">\u00c9 preciso respeitar as cren\u00e7as de cada irm\u00e3o. Deus, n\u00e3o \u00e9 vingativo, mas ele ensina aos irm\u00e3os que n\u00e3o tem dois Deus, e sim, um Pai criador de tudo que existe.<\/p>\n<p style=\"text-align: justify;\"><em>*Com informa\u00e7\u00f5es do G1 e <\/em><em>Portal Cat\u00f3lico Atualizado.<\/em><\/p>\n<p style=\"text-align: justify;\">Foto:Divulga\u00e7\u00e3o<\/p>\n","protected":false},"excerpt":{"rendered":"<p>H\u00e1 seis dias, um v\u00eddeo de uma cerim\u00f4nia de uma igreja evang\u00e9lica de Botucatu\u00a0, no interior de S\u00e3o Paulo, causou grande repercuss\u00e3o ap\u00f3s ser postado no Facebook na ter\u00e7a-feira (10). As imagens mostram uma mulher, apontada como pastora da igreja, quebrando imagens de Nossa Senhora Aparecida. O internauta que postou o v\u00eddeo no Facebook apagou&nbsp;<\/p>\n<p><a class=\"btn btn-style\" href=\"http:\/\/portalcatolico.net\/portal\/pastora-que-quebrou-imagens-de-aparecida-se-arrepende-e-pede-desculpas-aos-catolicos\/\">Continue Reading<\/a><\/p>\n","protected":false},"author":2,"featured_media":16536,"comment_status":"open","ping_status":"open","sticky":false,"template":"","format":"standard","meta":{"footnotes":""},"categories":[4],"tags":[],"class_list":["post-16535","post","type-post","status-publish","format-standard","has-post-thumbnail","hentry","category-destaques"],"_links":{"self":[{"href":"http:\/\/portalcatolico.net\/portal\/wp-json\/wp\/v2\/posts\/16535","targetHints":{"allow":["GET"]}}],"collection":[{"href":"http:\/\/portalcatolico.net\/portal\/wp-json\/wp\/v2\/posts"}],"about":[{"href":"http:\/\/portalcatolico.net\/portal\/wp-json\/wp\/v2\/types\/post"}],"author":[{"embeddable":true,"href":"http:\/\/portalcatolico.net\/portal\/wp-json\/wp\/v2\/users\/2"}],"replies":[{"embeddable":true,"href":"http:\/\/portalcatolico.net\/portal\/wp-json\/wp\/v2\/comments?post=16535"}],"version-history":[{"count":1,"href":"http:\/\/portalcatolico.net\/portal\/wp-json\/wp\/v2\/posts\/16535\/revisions"}],"predecessor-version":[{"id":16537,"href":"http:\/\/portalcatolico.net\/portal\/wp-json\/wp\/v2\/posts\/16535\/revisions\/16537"}],"wp:featuredmedia":[{"embeddable":true,"href":"http:\/\/portalcatolico.net\/portal\/wp-json\/wp\/v2\/media\/16536"}],"wp:attachment":[{"href":"http:\/\/portalcatolico.net\/portal\/wp-json\/wp\/v2\/media?parent=16535"}],"wp:term":[{"taxonomy":"category","embeddable":true,"href":"http:\/\/portalcatolico.net\/portal\/wp-json\/wp\/v2\/categories?post=16535"},{"taxonomy":"post_tag","embeddable":true,"href":"http:\/\/portalcatolico.net\/portal\/wp-json\/wp\/v2\/tags?post=16535"}],"curies":[{"name":"wp","href":"https:\/\/api.w.org\/{rel}","templated":true}]}}