{"id":16532,"date":"2017-01-17T09:20:35","date_gmt":"2017-01-17T09:20:35","guid":{"rendered":"http:\/\/portalcatolico.net\/portal\/?p=16532"},"modified":"2017-01-17T09:20:56","modified_gmt":"2017-01-17T09:20:56","slug":"mensagem-do-nosso-amado-paroco-monsenhor-sebastiao","status":"publish","type":"post","link":"http:\/\/portalcatolico.net\/portal\/mensagem-do-nosso-amado-paroco-monsenhor-sebastiao\/","title":{"rendered":"MENSAGEM DO NOSSO AMADO P\u00c1ROCO MONSENHOR SEBASTI\u00c3O !!!!!!"},"content":{"rendered":"<p style=\"text-align: justify;\">Caros Paroquianos,<\/p>\n<p style=\"text-align: justify;\">Estamos em festa! A festa do nosso Excelso Padroeiro , Senhor Deus Menino. Nestes dias, que v\u00e3o de 24 de Janeiro a 02 de Fevereiro, com particular diferen\u00e7a, as vidas dos fi\u00e9is devotos do Menino Deus ganham motiva\u00e7\u00f5es que se traduzem em a\u00e7\u00f5es de gra\u00e7as, louvor e muita alegria.<\/p>\n<div class=\"text_exposed_show\">\n<p style=\"text-align: justify;\">Na Cidade de Ibicara\u00ed, al\u00e9m do vai-e-vem costumeiro das pessoas juntam-se os passos de centenas de peregrinos, vindos de todos os cantos da Cidade, para honrar o Menino Deus com suas preces. As noites destes dias de noven\u00e1rio que culminam com a grande festa, parecem mais iluminadas, pois, como se n\u00e3o bastassem as luzes que iluminam a cidade e a bela Casa do Nosso Padroeiro juntam-se as luzes da lua, das estrelas e dos espocar travessos dos fogos. Tudo isso por um s\u00f3 motivo: Porque o nosso cora\u00e7\u00e3o transborda de alegria com a festa do Nosso Excelso Padroeiro!<\/p>\n<p style=\"text-align: justify;\">A nossa Par\u00f3quia nos convida a uma profunda reflex\u00e3o sobre o D\u00edzimo um grande dom .\u2013 tema apropriado para avaliarmos nosso testemunho e nossa conduta nos caminhos da evangeliza\u00e7\u00e3o. Ouvindo o apelo meditaremos durante o noven\u00e1rio sobre temas que nos ajudar\u00e3o a compreender melhor o grande dom de ser D\u00edzimistas .<\/p>\n<p style=\"text-align: justify;\">Igreja : Comunidade que partilha os dons e os bens ! \u00e9 o tema que escolhemos para guiar este tempo prop\u00edcio de gra\u00e7a que \u00e9 a festa do nosso Senhor e Padroeiro. Tudo foi preparado pensando em voc\u00ea e em sua fam\u00edlia. Voc\u00ea \u00e9 o nosso convidado especial, mas n\u00e3o venha sozinho! Convide seus parentes, vizinhos, amigos e colegas de trabalho para que tamb\u00e9m eles sejam despertados pela f\u00e9 e pelo amor divino. Juntemos as nossas for\u00e7as para dar a Deus o louvor que ele merece e testemunhar para o mundo o amor-doa\u00e7\u00e3o que a f\u00e9 gera em n\u00f3s.<\/p>\n<p style=\"text-align: justify;\">Que o Senhor Deus Menino aben\u00e7oe todos n\u00f3s!<br \/>\nCom minha ben\u00e7\u00e3o sacerdotal<\/p>\n<p style=\"text-align: justify;\">Monsenhor Sebasti\u00e3o Bezerra de Oliveira ( P\u00e1roco )<\/p>\n<p style=\"text-align: justify;\">Por:Par\u00f3quia Senhor Deus Menino de Ibicarai<\/p>\n<p style=\"text-align: justify;\">Diocese de Itabuna(BA)<\/p>\n<\/div>\n","protected":false},"excerpt":{"rendered":"<p>Caros Paroquianos, Estamos em festa! A festa do nosso Excelso Padroeiro , Senhor Deus Menino. Nestes dias, que v\u00e3o de 24 de Janeiro a 02 de Fevereiro, com particular diferen\u00e7a, as vidas dos fi\u00e9is devotos do Menino Deus ganham motiva\u00e7\u00f5es que se traduzem em a\u00e7\u00f5es de gra\u00e7as, louvor e muita alegria. Na Cidade de Ibicara\u00ed,&nbsp;<\/p>\n<p><a class=\"btn btn-style\" href=\"http:\/\/portalcatolico.net\/portal\/mensagem-do-nosso-amado-paroco-monsenhor-sebastiao\/\">Continue Reading<\/a><\/p>\n","protected":false},"author":2,"featured_media":16533,"comment_status":"open","ping_status":"open","sticky":false,"template":"","format":"standard","meta":{"footnotes":""},"categories":[2],"tags":[],"class_list":["post-16532","post","type-post","status-publish","format-standard","has-post-thumbnail","hentry","category-eventos"],"_links":{"self":[{"href":"http:\/\/portalcatolico.net\/portal\/wp-json\/wp\/v2\/posts\/16532","targetHints":{"allow":["GET"]}}],"collection":[{"href":"http:\/\/portalcatolico.net\/portal\/wp-json\/wp\/v2\/posts"}],"about":[{"href":"http:\/\/portalcatolico.net\/portal\/wp-json\/wp\/v2\/types\/post"}],"author":[{"embeddable":true,"href":"http:\/\/portalcatolico.net\/portal\/wp-json\/wp\/v2\/users\/2"}],"replies":[{"embeddable":true,"href":"http:\/\/portalcatolico.net\/portal\/wp-json\/wp\/v2\/comments?post=16532"}],"version-history":[{"count":1,"href":"http:\/\/portalcatolico.net\/portal\/wp-json\/wp\/v2\/posts\/16532\/revisions"}],"predecessor-version":[{"id":16534,"href":"http:\/\/portalcatolico.net\/portal\/wp-json\/wp\/v2\/posts\/16532\/revisions\/16534"}],"wp:featuredmedia":[{"embeddable":true,"href":"http:\/\/portalcatolico.net\/portal\/wp-json\/wp\/v2\/media\/16533"}],"wp:attachment":[{"href":"http:\/\/portalcatolico.net\/portal\/wp-json\/wp\/v2\/media?parent=16532"}],"wp:term":[{"taxonomy":"category","embeddable":true,"href":"http:\/\/portalcatolico.net\/portal\/wp-json\/wp\/v2\/categories?post=16532"},{"taxonomy":"post_tag","embeddable":true,"href":"http:\/\/portalcatolico.net\/portal\/wp-json\/wp\/v2\/tags?post=16532"}],"curies":[{"name":"wp","href":"https:\/\/api.w.org\/{rel}","templated":true}]}}