{"id":16529,"date":"2017-01-16T23:28:36","date_gmt":"2017-01-16T23:28:36","guid":{"rendered":"http:\/\/portalcatolico.net\/portal\/?p=16529"},"modified":"2017-01-16T23:28:36","modified_gmt":"2017-01-16T23:28:36","slug":"missa-pelos-75-anos-de-dom-lessa-tambem-marcara-passagem-de-baculo-para-dom-frei-joao-costa","status":"publish","type":"post","link":"http:\/\/portalcatolico.net\/portal\/missa-pelos-75-anos-de-dom-lessa-tambem-marcara-passagem-de-baculo-para-dom-frei-joao-costa\/","title":{"rendered":"Missa pelos 75 anos de Dom Lessa tamb\u00e9m marcar\u00e1 passagem de b\u00e1culo para Dom Frei Jo\u00e3o Costa"},"content":{"rendered":"<div style=\"text-align: justify;\">A celebra\u00e7\u00e3o em louvor e a\u00e7\u00e3o de gra\u00e7as pelo anivers\u00e1rio de vida de Dom Jos\u00e9 Palmeira Lessa, nesta quarta-feira, 18, marcar\u00e1 tamb\u00e9m a passagem do b\u00e1culo para o Arcebispo Coadjutor, Dom Frei Jo\u00e3o Jos\u00e9 Costa, OCarm. O C\u00f3digo de Direito Can\u00f4nico (401\u00a71) obriga o metropolita a solicitar ao Santo Padre um pedido de ren\u00fancia (ou aposentadoria) ao completar 75 anos de idade. \u00a0A solicita\u00e7\u00e3o foi encaminhada ao Papa Francisco em setembro de 2016.<\/div>\n<div style=\"text-align: justify;\"><\/div>\n<div style=\"text-align: justify;\">Dom Lessa est\u00e1 no arcebispado de Aracaju h\u00e1 20 anos, sendo dois como Arcebispo Coadjutor e 18 anos como titular. A transi\u00e7\u00e3o foi iniciada h\u00e1 dois anos, com a nomea\u00e7\u00e3o, pelo papa, de Dom Frei Jo\u00e3o como Coadjutor.<\/div>\n<div style=\"text-align: justify;\"><\/div>\n<div style=\"text-align: justify;\">A nomea\u00e7\u00e3o de Dom Jos\u00e9 Palmeira Lessa como bispo foi feita pelo Santo Padre Jo\u00e3o Paulo II, h\u00e1 34 anos. Na \u00e9poca, o Arcebispo tinha 40 anos de idade. Antes de servir em Aracaju, esteve Bispo Auxiliar no Rio de Janeiro e Bispo Diocesano em Propri\u00e1-SE. Ele faz quest\u00e3o de ressaltar que a sua caminhada de crist\u00e3o e pastor em miss\u00e3o foi alimentada na espiritualidade da Unidade, da Obra de Maria (Movimento dos Focolares), carisma fecund\u00edssimo de Chiara Lubich.<\/div>\n<div style=\"text-align: justify;\"><\/div>\n<div style=\"text-align: justify;\">Na expectativa de reunir grande n\u00famero de fi\u00e9is, bispos, padres, di\u00e1conos, religiosos e mission\u00e1rios, a celebra\u00e7\u00e3o desta quarta-feira est\u00e1 prevista para as 19h, na Catedral Metropolitana. \u00c0s 18h30, os padres da Arquidiocese sair\u00e3o em prociss\u00e3o do Santu\u00e1rio Nossa Senhora Menina em dire\u00e7\u00e3o \u00e0 Catedral.<\/div>\n<div style=\"text-align: justify;\">Texto: Carlos Barbosa<\/div>\n<div style=\"text-align: justify;\">Foto:Divulga\u00e7\u00e3o<\/div>\n<div style=\"text-align: justify;\">Com informa\u00e7\u00f5es da Arquidiocese de Aracaju(SE)<\/div>\n","protected":false},"excerpt":{"rendered":"<p>A celebra\u00e7\u00e3o em louvor e a\u00e7\u00e3o de gra\u00e7as pelo anivers\u00e1rio de vida de Dom Jos\u00e9 Palmeira Lessa, nesta quarta-feira, 18, marcar\u00e1 tamb\u00e9m a passagem do b\u00e1culo para o Arcebispo Coadjutor, Dom Frei Jo\u00e3o Jos\u00e9 Costa, OCarm. O C\u00f3digo de Direito Can\u00f4nico (401\u00a71) obriga o metropolita a solicitar ao Santo Padre um pedido de ren\u00fancia (ou&nbsp;<\/p>\n<p><a class=\"btn btn-style\" href=\"http:\/\/portalcatolico.net\/portal\/missa-pelos-75-anos-de-dom-lessa-tambem-marcara-passagem-de-baculo-para-dom-frei-joao-costa\/\">Continue Reading<\/a><\/p>\n","protected":false},"author":2,"featured_media":16530,"comment_status":"open","ping_status":"open","sticky":false,"template":"","format":"standard","meta":{"footnotes":""},"categories":[2],"tags":[],"class_list":["post-16529","post","type-post","status-publish","format-standard","has-post-thumbnail","hentry","category-eventos"],"_links":{"self":[{"href":"http:\/\/portalcatolico.net\/portal\/wp-json\/wp\/v2\/posts\/16529","targetHints":{"allow":["GET"]}}],"collection":[{"href":"http:\/\/portalcatolico.net\/portal\/wp-json\/wp\/v2\/posts"}],"about":[{"href":"http:\/\/portalcatolico.net\/portal\/wp-json\/wp\/v2\/types\/post"}],"author":[{"embeddable":true,"href":"http:\/\/portalcatolico.net\/portal\/wp-json\/wp\/v2\/users\/2"}],"replies":[{"embeddable":true,"href":"http:\/\/portalcatolico.net\/portal\/wp-json\/wp\/v2\/comments?post=16529"}],"version-history":[{"count":1,"href":"http:\/\/portalcatolico.net\/portal\/wp-json\/wp\/v2\/posts\/16529\/revisions"}],"predecessor-version":[{"id":16531,"href":"http:\/\/portalcatolico.net\/portal\/wp-json\/wp\/v2\/posts\/16529\/revisions\/16531"}],"wp:featuredmedia":[{"embeddable":true,"href":"http:\/\/portalcatolico.net\/portal\/wp-json\/wp\/v2\/media\/16530"}],"wp:attachment":[{"href":"http:\/\/portalcatolico.net\/portal\/wp-json\/wp\/v2\/media?parent=16529"}],"wp:term":[{"taxonomy":"category","embeddable":true,"href":"http:\/\/portalcatolico.net\/portal\/wp-json\/wp\/v2\/categories?post=16529"},{"taxonomy":"post_tag","embeddable":true,"href":"http:\/\/portalcatolico.net\/portal\/wp-json\/wp\/v2\/tags?post=16529"}],"curies":[{"name":"wp","href":"https:\/\/api.w.org\/{rel}","templated":true}]}}