{"id":16526,"date":"2017-01-16T22:57:11","date_gmt":"2017-01-16T22:57:11","guid":{"rendered":"http:\/\/portalcatolico.net\/portal\/?p=16526"},"modified":"2017-01-16T22:57:11","modified_gmt":"2017-01-16T22:57:11","slug":"cardeal-sergio-da-rocha-e-nomeado-membro-da-comissao-para-a-america-latina","status":"publish","type":"post","link":"http:\/\/portalcatolico.net\/portal\/cardeal-sergio-da-rocha-e-nomeado-membro-da-comissao-para-a-america-latina\/","title":{"rendered":"Cardeal S\u00e9rgio da Rocha \u00e9 nomeado membro da Comiss\u00e3o para a Am\u00e9rica Latina"},"content":{"rendered":"<p style=\"text-align: justify;\">O Papa Francisco nomeou o Arcebispo de Bras\u00edlia (DF) e presidente da Confer\u00eancia Nacional dos Bispos\u00a0\u00a0do Brasil (CNBB), Cardeal S\u00e9rgio da Rocha, como membro da Pontif\u00edcia Comiss\u00e3o para a Am\u00e9rica Latina (CAL).<\/p>\n<p style=\"text-align: justify;\">Dom S\u00e9rgio da Rocha foi criado cardeal pelo Papa Francisco no consist\u00f3rio de 19 de novembro de 2016. Naquela ocasi\u00e3o, o presidente da CNBB expressou que este era \u201cum gesto de bondade e confian\u00e7a\u201d do Pont\u00edfice, \u201cmas tamb\u00e9m um gesto de amor pela Igreja\u00a0no Brasil\u201d.<\/p>\n<p style=\"text-align: justify;\">O Purpurado tamb\u00e9m havia declarado que acolhia a nova miss\u00e3o com \u201cresponsabilidade, porque o Papa est\u00e1 confiando um servi\u00e7o esperando certamente que eu, o episcopado brasileiro, a Igreja no Brasil ofere\u00e7a a sua contribui\u00e7\u00e3o para a Igreja presente aqui em Roma e no mundo inteiro\u201d.<\/p>\n<p style=\"text-align: justify;\">A Pontif\u00edcia Comiss\u00e3o para a Am\u00e9rica Latina \u00e9 um organismo da C\u00faria Romana, criado em 1958. Tem como fun\u00e7\u00e3o primordial \u201cassistir, com o conselho e os meios econ\u00f4micos, as Igrejas particulares da Am\u00e9rica Latina, e dedicar-se, al\u00e9m disso, ao estudo das quest\u00f5es que se referem \u00e0 vida\u00a0e desenvolvimento dessas Igrejas, especialmente para dar ajuda tanto aos Dicast\u00e9rios da C\u00faria interessados em raz\u00e3o da sua compet\u00eancia, quanto \u00e0s Igrejas mesmas na solu\u00e7\u00e3o de tais quest\u00f5es\u201d.<\/p>\n<p style=\"text-align: justify;\">Atualmente, \u00e9 presidida pelo canadense Cardeal Marc Ouellet e tem como secret\u00e1rio o uruguaio Prof. Guzm\u00e1n Carriquiry. Al\u00e9m de Dom S\u00e9rgio da Rocha, outros membros brasileiros da CAL s\u00e3o o Arcebispo de S\u00e3o Paulo, Cardeal Odilo Pedro Scherer, e o Arcebispo em\u00e9rito de Aparecida, Cardeal Raymundo Damasceno Assis.(ACI Digital)<\/p>\n","protected":false},"excerpt":{"rendered":"<p>O Papa Francisco nomeou o Arcebispo de Bras\u00edlia (DF) e presidente da Confer\u00eancia Nacional dos Bispos\u00a0\u00a0do Brasil (CNBB), Cardeal S\u00e9rgio da Rocha, como membro da Pontif\u00edcia Comiss\u00e3o para a Am\u00e9rica Latina (CAL). Dom S\u00e9rgio da Rocha foi criado cardeal pelo Papa Francisco no consist\u00f3rio de 19 de novembro de 2016. Naquela ocasi\u00e3o, o presidente da&nbsp;<\/p>\n<p><a class=\"btn btn-style\" href=\"http:\/\/portalcatolico.net\/portal\/cardeal-sergio-da-rocha-e-nomeado-membro-da-comissao-para-a-america-latina\/\">Continue Reading<\/a><\/p>\n","protected":false},"author":2,"featured_media":16527,"comment_status":"open","ping_status":"open","sticky":false,"template":"","format":"standard","meta":{"footnotes":""},"categories":[3],"tags":[],"class_list":["post-16526","post","type-post","status-publish","format-standard","has-post-thumbnail","hentry","category-noticias_regionais"],"_links":{"self":[{"href":"http:\/\/portalcatolico.net\/portal\/wp-json\/wp\/v2\/posts\/16526","targetHints":{"allow":["GET"]}}],"collection":[{"href":"http:\/\/portalcatolico.net\/portal\/wp-json\/wp\/v2\/posts"}],"about":[{"href":"http:\/\/portalcatolico.net\/portal\/wp-json\/wp\/v2\/types\/post"}],"author":[{"embeddable":true,"href":"http:\/\/portalcatolico.net\/portal\/wp-json\/wp\/v2\/users\/2"}],"replies":[{"embeddable":true,"href":"http:\/\/portalcatolico.net\/portal\/wp-json\/wp\/v2\/comments?post=16526"}],"version-history":[{"count":1,"href":"http:\/\/portalcatolico.net\/portal\/wp-json\/wp\/v2\/posts\/16526\/revisions"}],"predecessor-version":[{"id":16528,"href":"http:\/\/portalcatolico.net\/portal\/wp-json\/wp\/v2\/posts\/16526\/revisions\/16528"}],"wp:featuredmedia":[{"embeddable":true,"href":"http:\/\/portalcatolico.net\/portal\/wp-json\/wp\/v2\/media\/16527"}],"wp:attachment":[{"href":"http:\/\/portalcatolico.net\/portal\/wp-json\/wp\/v2\/media?parent=16526"}],"wp:term":[{"taxonomy":"category","embeddable":true,"href":"http:\/\/portalcatolico.net\/portal\/wp-json\/wp\/v2\/categories?post=16526"},{"taxonomy":"post_tag","embeddable":true,"href":"http:\/\/portalcatolico.net\/portal\/wp-json\/wp\/v2\/tags?post=16526"}],"curies":[{"name":"wp","href":"https:\/\/api.w.org\/{rel}","templated":true}]}}