{"id":16523,"date":"2017-01-16T09:14:32","date_gmt":"2017-01-16T09:14:32","guid":{"rendered":"http:\/\/portalcatolico.net\/portal\/?p=16523"},"modified":"2017-01-16T09:14:32","modified_gmt":"2017-01-16T09:14:32","slug":"convite-de-posse-do-novo-administrador-da-paroquia-de-nossa-senhora-da-conceicao","status":"publish","type":"post","link":"http:\/\/portalcatolico.net\/portal\/convite-de-posse-do-novo-administrador-da-paroquia-de-nossa-senhora-da-conceicao\/","title":{"rendered":"Convite de Posse do Novo Administrador da Par\u00f3quia de Nossa Senhora da Concei\u00e7\u00e3o"},"content":{"rendered":"<p><i>A Diocese de Itabuna\u00a0 e os paroquianos da igreja matriz de Nossa\u00a0 Senhora<\/i><br \/>\n<i>da Concei\u00e7\u00e3o, localizada no bairro Ferradas, tem o prazer de convidar<\/i><span class=\"im\"><br \/>\n<i>voc\u00ea e toda a sua fam\u00edlia para a Santa Missa de posse do novo<\/i><br \/>\n<\/span><i>p\u00e1roco, o pe. Jos\u00e9 Roberto.<\/i><br \/>\n<i>A Celebra\u00e7\u00e3o Eucar\u00edstica de posse do novo administrador paroquial,<\/i><br \/>\n<i>ser\u00e1 \u00e0s 10h, no dia 22\/01, na igreja do mesmo bairro.<\/i><br \/>\n<i>Participe!<\/i><\/p>\n<p>Texto:Portal Cat\u00f3lico<\/p>\n","protected":false},"excerpt":{"rendered":"<p>A Diocese de Itabuna\u00a0 e os paroquianos da igreja matriz de Nossa\u00a0 Senhora da Concei\u00e7\u00e3o, localizada no bairro Ferradas, tem o prazer de convidar voc\u00ea e toda a sua fam\u00edlia para a Santa Missa de posse do novo p\u00e1roco, o pe. Jos\u00e9 Roberto. A Celebra\u00e7\u00e3o Eucar\u00edstica de posse do novo administrador paroquial, ser\u00e1 \u00e0s 10h,&nbsp;<\/p>\n<p><a class=\"btn btn-style\" href=\"http:\/\/portalcatolico.net\/portal\/convite-de-posse-do-novo-administrador-da-paroquia-de-nossa-senhora-da-conceicao\/\">Continue Reading<\/a><\/p>\n","protected":false},"author":2,"featured_media":16524,"comment_status":"open","ping_status":"open","sticky":false,"template":"","format":"standard","meta":{"footnotes":""},"categories":[1],"tags":[],"class_list":["post-16523","post","type-post","status-publish","format-standard","has-post-thumbnail","hentry","category-agenda"],"_links":{"self":[{"href":"http:\/\/portalcatolico.net\/portal\/wp-json\/wp\/v2\/posts\/16523","targetHints":{"allow":["GET"]}}],"collection":[{"href":"http:\/\/portalcatolico.net\/portal\/wp-json\/wp\/v2\/posts"}],"about":[{"href":"http:\/\/portalcatolico.net\/portal\/wp-json\/wp\/v2\/types\/post"}],"author":[{"embeddable":true,"href":"http:\/\/portalcatolico.net\/portal\/wp-json\/wp\/v2\/users\/2"}],"replies":[{"embeddable":true,"href":"http:\/\/portalcatolico.net\/portal\/wp-json\/wp\/v2\/comments?post=16523"}],"version-history":[{"count":1,"href":"http:\/\/portalcatolico.net\/portal\/wp-json\/wp\/v2\/posts\/16523\/revisions"}],"predecessor-version":[{"id":16525,"href":"http:\/\/portalcatolico.net\/portal\/wp-json\/wp\/v2\/posts\/16523\/revisions\/16525"}],"wp:featuredmedia":[{"embeddable":true,"href":"http:\/\/portalcatolico.net\/portal\/wp-json\/wp\/v2\/media\/16524"}],"wp:attachment":[{"href":"http:\/\/portalcatolico.net\/portal\/wp-json\/wp\/v2\/media?parent=16523"}],"wp:term":[{"taxonomy":"category","embeddable":true,"href":"http:\/\/portalcatolico.net\/portal\/wp-json\/wp\/v2\/categories?post=16523"},{"taxonomy":"post_tag","embeddable":true,"href":"http:\/\/portalcatolico.net\/portal\/wp-json\/wp\/v2\/tags?post=16523"}],"curies":[{"name":"wp","href":"https:\/\/api.w.org\/{rel}","templated":true}]}}