{"id":16520,"date":"2017-01-16T00:54:16","date_gmt":"2017-01-16T00:54:16","guid":{"rendered":"http:\/\/portalcatolico.net\/portal\/?p=16520"},"modified":"2017-01-16T00:54:16","modified_gmt":"2017-01-16T00:54:16","slug":"bispo-dom-ceslau-stanula-fala-sobre-importancia-de-um-lider-paroquial","status":"publish","type":"post","link":"http:\/\/portalcatolico.net\/portal\/bispo-dom-ceslau-stanula-fala-sobre-importancia-de-um-lider-paroquial\/","title":{"rendered":"Bispo Dom Ceslau Stanula fala sobre import\u00e2ncia de um l\u00edder paroquial"},"content":{"rendered":"<p style=\"text-align: justify;\"><em>O bispo da diocese de Itabuna, dom Ceslau Stanula, deu posse ao padre Hugo de Fosses, na cidade de Itaj\u00fa do Col\u00f4nia, neste domingo dia 15 de janeiro, \u00e0s 10h, como\u00a0administrador\u00a0paroquial, com a presen\u00e7a do clero diocesano ,seminaristas e di\u00e1conos. Na oportunidade, falou sobre a import\u00e2ncia e o papel do l\u00edder paroquial. Confira o trecho da\u00a0homilia:<\/em><\/p>\n<p style=\"text-align: justify;\">\u201cO sacerdote \u00e9 como um pai e guia espiritual. A par\u00f3quia sem padre \u00e9 como uma fam\u00edlia sem pai. Por isso, a import\u00e2ncia desse ato. N\u00f3s demos gra\u00e7as a Deus que temos o privil\u00e9gio que n\u00e3o ficamos sem um orientador espiritual. Padre Hugo vai caminhar conosco, vai partilhar alegrias, esperan\u00e7as, mas tamb\u00e9m preocupa\u00e7\u00f5es dessa comunidade. Por isso, a Igreja pro\u00edbe o padre de se engajar na pol\u00edtica partid\u00e1ria, porque essa sempre divide a comunidade, porque a liberdade da comunidade \u00e9 seguir o partido que ele quiser. E, por isso, eu pensei muito num padre que possa caminhar por toda a comunidade e o meu pensamento veio justamente pelo padre Hugo. E a preocupa\u00e7\u00e3o dele \u00e9 realmente o caminhar espiritual do povo e dessa forma, vai ajudar a todos para que compreendam e vivam a palavra de Deus. Essa \u00e9 a miss\u00e3o da Igreja. A Igreja n\u00e3o se afasta das necessidades, dos problemas e da situa\u00e7\u00e3o do povo. O sacerdote orienta e mostra o caminho do Evangelho\u201d.<\/p>\n<p style=\"text-align: justify;\">Por:Portal Cat\u00f3lico<\/p>\n","protected":false},"excerpt":{"rendered":"<p>O bispo da diocese de Itabuna, dom Ceslau Stanula, deu posse ao padre Hugo de Fosses, na cidade de Itaj\u00fa do Col\u00f4nia, neste domingo dia 15 de janeiro, \u00e0s 10h, como\u00a0administrador\u00a0paroquial, com a presen\u00e7a do clero diocesano ,seminaristas e di\u00e1conos. Na oportunidade, falou sobre a import\u00e2ncia e o papel do l\u00edder paroquial. Confira o trecho&nbsp;<\/p>\n<p><a class=\"btn btn-style\" href=\"http:\/\/portalcatolico.net\/portal\/bispo-dom-ceslau-stanula-fala-sobre-importancia-de-um-lider-paroquial\/\">Continue Reading<\/a><\/p>\n","protected":false},"author":2,"featured_media":16521,"comment_status":"open","ping_status":"open","sticky":false,"template":"","format":"standard","meta":{"footnotes":""},"categories":[68],"tags":[],"class_list":["post-16520","post","type-post","status-publish","format-standard","has-post-thumbnail","hentry","category-homilias"],"_links":{"self":[{"href":"http:\/\/portalcatolico.net\/portal\/wp-json\/wp\/v2\/posts\/16520","targetHints":{"allow":["GET"]}}],"collection":[{"href":"http:\/\/portalcatolico.net\/portal\/wp-json\/wp\/v2\/posts"}],"about":[{"href":"http:\/\/portalcatolico.net\/portal\/wp-json\/wp\/v2\/types\/post"}],"author":[{"embeddable":true,"href":"http:\/\/portalcatolico.net\/portal\/wp-json\/wp\/v2\/users\/2"}],"replies":[{"embeddable":true,"href":"http:\/\/portalcatolico.net\/portal\/wp-json\/wp\/v2\/comments?post=16520"}],"version-history":[{"count":1,"href":"http:\/\/portalcatolico.net\/portal\/wp-json\/wp\/v2\/posts\/16520\/revisions"}],"predecessor-version":[{"id":16522,"href":"http:\/\/portalcatolico.net\/portal\/wp-json\/wp\/v2\/posts\/16520\/revisions\/16522"}],"wp:featuredmedia":[{"embeddable":true,"href":"http:\/\/portalcatolico.net\/portal\/wp-json\/wp\/v2\/media\/16521"}],"wp:attachment":[{"href":"http:\/\/portalcatolico.net\/portal\/wp-json\/wp\/v2\/media?parent=16520"}],"wp:term":[{"taxonomy":"category","embeddable":true,"href":"http:\/\/portalcatolico.net\/portal\/wp-json\/wp\/v2\/categories?post=16520"},{"taxonomy":"post_tag","embeddable":true,"href":"http:\/\/portalcatolico.net\/portal\/wp-json\/wp\/v2\/tags?post=16520"}],"curies":[{"name":"wp","href":"https:\/\/api.w.org\/{rel}","templated":true}]}}