{"id":16517,"date":"2017-01-16T00:31:37","date_gmt":"2017-01-16T00:31:37","guid":{"rendered":"http:\/\/portalcatolico.net\/portal\/?p=16517"},"modified":"2017-01-16T00:31:48","modified_gmt":"2017-01-16T00:31:48","slug":"paroquia-de-itaju-do-colonia-recebe-novo-admimistrador","status":"publish","type":"post","link":"http:\/\/portalcatolico.net\/portal\/paroquia-de-itaju-do-colonia-recebe-novo-admimistrador\/","title":{"rendered":"Par\u00f3quia de Itaj\u00fa do Col\u00f4nia recebe novo admimistrador"},"content":{"rendered":"<p style=\"text-align: justify;\"><em>O novo administrador da Par\u00f3quia Santo Antonio, na cidade de Itaj\u00fa do Col\u00f4nia, o Padre Hugo de Fosses, tomou posse neste domingo, 15 de \u00a0janeiro, na igreja matriz . O Bispo Diocesano Dom Ceslau Stanula presidiu a santa missa de posse que teve in\u00edcio \u00e0s 10h e foi concelebrada por\u00a0 v\u00e1rios Sacerdotes, Di\u00e1conos e Seminaristas. Tamb\u00e9m estiveram presentes in\u00fameros irm\u00e3os de par\u00f3quias de cidades circunvizinhas, as quais o Padre Hugo j\u00e1 evangelizou no per\u00edodo de quatro anos, como por exemplo, a par\u00f3quia de Nossa Senhora da Concei\u00e7\u00e3o, do bairro Ferradas em Itabuna.<\/em><\/p>\n<p style=\"text-align: justify;\"><em>Conforme o ritual de posse, foi lido pelo Di\u00e1cono Ailton Matos o teor da provis\u00e3o, conforme os c\u00e2nones da Igreja.<\/em><\/p>\n<p style=\"text-align: justify;\"><em>Dentre os momentos mais marcantes, destacaram-se a entrega do Evangeli\u00e1rio pelo Bispo Dom Ceslau Stanula, para que este proclamasse o Evangelho do dia. Seguindo-se a profiss\u00e3o de f\u00e9 e o juramento de fidelidade. Na celebra\u00e7\u00e3o, Dom Ceslau Stanula entregou tamb\u00e9m ao novo administrador paroquial, os sinais que fazem parte do Minist\u00e9rio: a B\u00edblia Sagrada, as chaves da Igreja e a chave do Sacr\u00e1rio.<\/em><\/p>\n<p style=\"text-align: justify;\"><em>\u201cA vida espiritual \u00e9 alimentada pela Eucaristia. Ela \u00e9 o \u00e1pice da vida crist\u00e3, em que se realiza a unidade do povo de Deus e se completa a constru\u00e7\u00e3o do Corpo de Cristo. Cabe ao p\u00e1roco zelar para que a Eucaristia seja o centro de toda a vida da par\u00f3quia\u201d, explicou o bispo.<\/em><\/p>\n<p style=\"text-align: justify;\"><em>O novo p\u00e1roco recebeu as chaves do Sacr\u00e1rio e fez uma breve adora\u00e7\u00e3o. Tamb\u00e9n na oportunidade, o padre Adriano Fernandes foi parabenizado pela miss\u00e3o cumprida, no per\u00edodo de tr\u00eas messes. Ao final da celebra\u00e7\u00e3o, foi servido um delicioso almo\u00e7o.<\/em><\/p>\n<p style=\"text-align: justify;\"><em>O padre Hugo celebrou sua primeira missa na igreja matriz e convidou os paroquianos para marcarem presen\u00e7a constantemente.<\/em><\/p>\n<p style=\"text-align: justify;\"><em>Conhe\u00e7a a hist\u00f3ria de Padre Hugo<\/em><\/p>\n<p style=\"text-align: justify;\">Padre Hugo \u00e9 de uma fam\u00edlia de doze irm\u00e3os, morou em Ubat\u00e3 at\u00e9 os quatorze anos, nasceu em Coaraci foi para Salvador ainda com quatorze anos \u00e0 trabalho aos dezoito anos, sentiu o chamado do Senhor.<\/p>\n<p style=\"text-align: justify;\">Ele concluiu o segundo grau e seguiu para o Semin\u00e1rio em Salvador, onde residiu por oito anos. Depois de Sacerdote, foi Vig\u00e1rio, na par\u00f3quia de S\u00e3o Crist\u00f3v\u00e3o do Aeroporto por tr\u00eas anos.<\/p>\n<p style=\"text-align: justify;\">Atualmente, ele deixou de ser Vig\u00e1rio e veio trabalhar no Sul da Bahia. H\u00e1 quatro anos padre Hugo encontra-se no interior e se diz muito feliz com sua voca\u00e7\u00e3o.<\/p>\n<p style=\"text-align: justify;\">Padre Hugo foi ordenado em 6 de junho de 2009 e a Par\u00f3quia Santo Antonio \u00e9 a segunda que ele atua como administrador.<\/p>\n<p style=\"text-align: justify;\"><strong>\u00a0Confira as fotos: <a href=\"http:\/\/portalcatolico.net\/portal\/index.php\/posse-de-pe-hugo-f-jucelino-em-itaju-do-colonia\/\">http:\/\/portalcatolico.net\/portal\/index.php\/posse-de-pe-hugo-f-jucelino-em-itaju-do-colonia\/<\/a><\/strong><\/p>\n<p style=\"text-align: justify;\">Por:Portal Cat\u00f3lico<\/p>\n","protected":false},"excerpt":{"rendered":"<p>O novo administrador da Par\u00f3quia Santo Antonio, na cidade de Itaj\u00fa do Col\u00f4nia, o Padre Hugo de Fosses, tomou posse neste domingo, 15 de \u00a0janeiro, na igreja matriz . O Bispo Diocesano Dom Ceslau Stanula presidiu a santa missa de posse que teve in\u00edcio \u00e0s 10h e foi concelebrada por\u00a0 v\u00e1rios Sacerdotes, Di\u00e1conos e Seminaristas.&nbsp;<\/p>\n<p><a class=\"btn btn-style\" href=\"http:\/\/portalcatolico.net\/portal\/paroquia-de-itaju-do-colonia-recebe-novo-admimistrador\/\">Continue Reading<\/a><\/p>\n","protected":false},"author":2,"featured_media":16518,"comment_status":"open","ping_status":"open","sticky":false,"template":"","format":"standard","meta":{"footnotes":""},"categories":[4],"tags":[],"class_list":["post-16517","post","type-post","status-publish","format-standard","has-post-thumbnail","hentry","category-destaques"],"_links":{"self":[{"href":"http:\/\/portalcatolico.net\/portal\/wp-json\/wp\/v2\/posts\/16517","targetHints":{"allow":["GET"]}}],"collection":[{"href":"http:\/\/portalcatolico.net\/portal\/wp-json\/wp\/v2\/posts"}],"about":[{"href":"http:\/\/portalcatolico.net\/portal\/wp-json\/wp\/v2\/types\/post"}],"author":[{"embeddable":true,"href":"http:\/\/portalcatolico.net\/portal\/wp-json\/wp\/v2\/users\/2"}],"replies":[{"embeddable":true,"href":"http:\/\/portalcatolico.net\/portal\/wp-json\/wp\/v2\/comments?post=16517"}],"version-history":[{"count":1,"href":"http:\/\/portalcatolico.net\/portal\/wp-json\/wp\/v2\/posts\/16517\/revisions"}],"predecessor-version":[{"id":16519,"href":"http:\/\/portalcatolico.net\/portal\/wp-json\/wp\/v2\/posts\/16517\/revisions\/16519"}],"wp:featuredmedia":[{"embeddable":true,"href":"http:\/\/portalcatolico.net\/portal\/wp-json\/wp\/v2\/media\/16518"}],"wp:attachment":[{"href":"http:\/\/portalcatolico.net\/portal\/wp-json\/wp\/v2\/media?parent=16517"}],"wp:term":[{"taxonomy":"category","embeddable":true,"href":"http:\/\/portalcatolico.net\/portal\/wp-json\/wp\/v2\/categories?post=16517"},{"taxonomy":"post_tag","embeddable":true,"href":"http:\/\/portalcatolico.net\/portal\/wp-json\/wp\/v2\/tags?post=16517"}],"curies":[{"name":"wp","href":"https:\/\/api.w.org\/{rel}","templated":true}]}}