{"id":16507,"date":"2017-01-16T00:01:20","date_gmt":"2017-01-16T00:01:20","guid":{"rendered":"http:\/\/portalcatolico.net\/portal\/?p=16507"},"modified":"2017-01-16T00:12:04","modified_gmt":"2017-01-16T00:12:04","slug":"paroquia-santa-ines-esta-em-festa-acompanhe-a-programacao","status":"publish","type":"post","link":"http:\/\/portalcatolico.net\/portal\/paroquia-santa-ines-esta-em-festa-acompanhe-a-programacao\/","title":{"rendered":"Par\u00f3quia Santa In\u00eas est\u00e1 em festa!  Acompanhe a programa\u00e7\u00e3o"},"content":{"rendered":"<p class=\"m_2017995573793420723xgmail-msonospacing\" style=\"text-align: justify;\">A festa da Padroeira do bairro Santa In\u00eas na Diocese de Itabuna\u00a0teve in\u00edcio no dia\u00a013\u00a0e segue at\u00e9\u00a022\u00a0de janeiro. O evento ser\u00e1 composto de\u00a0missa todas as noites sempre \u00e0s 19h,\u00a0e logo ap\u00f3s as celebra\u00e7\u00f5es, acontecer\u00e3o a quermesse\u00a0e festa de largo, entre outros momentos de evangeliza\u00e7\u00e3o para o povo de Deus.<u><\/u><u><\/u><\/p>\n<p class=\"m_2017995573793420723xgmail-msonospacing\" style=\"text-align: justify;\">O Noven\u00e1rio tem como\u00a0\u00a0tema central para este ano: \u201cN\u00f3s somos a igreja cat\u00f3lica\u201d. O dia dedicado a santa ser\u00e1 o dia 22, \u00e0s 5h, alvorada,as 7h,santo oficio, as 8h,caf\u00e9 compartilhado,10h,batizados e as 18h,missa e em seguida prociss\u00e3o pela principais ruas do bairro.<u><\/u><u><\/u><\/p>\n<p class=\"m_2017995573793420723xgmail-msonospacing\" style=\"text-align: justify;\">Neste s\u00e1bado (14), a santa missa foi presidida pelo padre Gilvan de Oliveira da cidade de Una e concelebrada pelo<img loading=\"lazy\" decoding=\"async\" class=\" wp-image-16510 alignright\" src=\"http:\/\/portalcatolico.net\/portal\/wp-content\/uploads\/2017\/01\/DSCN9072-300x225.jpg\" alt=\"DSCN9072\" width=\"235\" height=\"176\" srcset=\"http:\/\/portalcatolico.net\/portal\/wp-content\/uploads\/2017\/01\/DSCN9072-300x225.jpg 300w, http:\/\/portalcatolico.net\/portal\/wp-content\/uploads\/2017\/01\/DSCN9072.jpg 600w\" sizes=\"auto, (max-width: 235px) 100vw, 235px\" \/> p\u00e1roco da igreja matriz de santa In\u00eas, com presen\u00e7as de alguns seminaristas da Diocese de Itabuna. O sub-tema da noite: \u201cN\u00f3s somos a Igreja Cat\u00f3lica, por isso, cremos que o amor se encarnou para nos oferecer a vida pelo seu agir\u201d. Os convidados foram os homens do ter\u00e7o das par\u00f3quias de Itabuna e da par\u00f3quia Sagrado Cora\u00e7\u00e3o de Jesus da cidade de Itaju\u00edpe (Diocese de Ilh\u00e9us).\u00a0<u><\/u><u><\/u><\/p>\n<p class=\"m_2017995573793420723xgmail-msonospacing\" style=\"text-align: justify;\">\u201cAinda hoje o agir do amor de Deus, que \u00e9 o seu Filho Jesus, que se encarnou humanamente no meio de n\u00f3s, hoje continua no Minist\u00e9rio da Igreja, quando a igreja age sacramentalmente atrav\u00e9s dos padres e bispos , sua a\u00e7\u00e3o social, na pessoa dos fieis, \u00e9 o pr\u00f3prio Jesus. E o que nos d\u00e1 essa certeza s\u00e3o os fieis, nas igrejas, nas comunidades, que falam da alegria da salva\u00e7\u00e3o, da vida nova que elas experimentam por participar de nossas par\u00f3quias e de nossos grupos\u201d, disse o padre Gilvan.<u><\/u><u><\/u><\/p>\n<p class=\"m_2017995573793420723xgmail-msonospacing\" style=\"text-align: justify;\">Neste domingo, \u00e0s 11h30min foi servido um delicioso sarapatel.<u><\/u><u><\/u><\/p>\n<p class=\"m_2017995573793420723xgmail-msonospacing\" style=\"text-align: justify;\">O dia dedicado a santa ser\u00e1 o dia 22 e segue assim a programa\u00e7\u00e3o: 5h,alvorada;\u00a0 \u00e0s 7h, o santo oficio; 8h, caf\u00e9 compartilhado; 10h, batizados e 18h, missa e prociss\u00e3o pela principais ruas do bairro.<u><\/u><u><\/u><\/p>\n<p class=\"m_2017995573793420723xgmail-msonospacing\" style=\"text-align: justify;\">A Par\u00f3quia Santa In\u00eas tem como p\u00e1roco, o padre Ac\u00e1cio Alves e fica localizada na pra\u00e7a do bairro que tem mesmo o nome da santa em sua homenagem, em Itabuna (BA).<\/p>\n<p class=\"m_2017995573793420723xgmail-msonospacing\" style=\"text-align: justify;\"><strong>Confira as fotos:<a href=\"http:\/\/portalcatolico.net\/portal\/index.php\/novenario-de-santa-ines\/\">http:\/\/portalcatolico.net\/portal\/index.php\/novenario-de-santa-ines\/<\/a><\/strong><\/p>\n<p class=\"m_2017995573793420723xgmail-msonospacing\" style=\"text-align: justify;\">Por:Portal Cat\u00f3lico<\/p>\n","protected":false},"excerpt":{"rendered":"<p>A festa da Padroeira do bairro Santa In\u00eas na Diocese de Itabuna\u00a0teve in\u00edcio no dia\u00a013\u00a0e segue at\u00e9\u00a022\u00a0de janeiro. O evento ser\u00e1 composto de\u00a0missa todas as noites sempre \u00e0s 19h,\u00a0e logo ap\u00f3s as celebra\u00e7\u00f5es, acontecer\u00e3o a quermesse\u00a0e festa de largo, entre outros momentos de evangeliza\u00e7\u00e3o para o povo de Deus. O Noven\u00e1rio tem como\u00a0\u00a0tema central para&nbsp;<\/p>\n<p><a class=\"btn btn-style\" href=\"http:\/\/portalcatolico.net\/portal\/paroquia-santa-ines-esta-em-festa-acompanhe-a-programacao\/\">Continue Reading<\/a><\/p>\n","protected":false},"author":2,"featured_media":16508,"comment_status":"open","ping_status":"open","sticky":false,"template":"","format":"standard","meta":{"footnotes":""},"categories":[2],"tags":[],"class_list":["post-16507","post","type-post","status-publish","format-standard","has-post-thumbnail","hentry","category-eventos"],"_links":{"self":[{"href":"http:\/\/portalcatolico.net\/portal\/wp-json\/wp\/v2\/posts\/16507","targetHints":{"allow":["GET"]}}],"collection":[{"href":"http:\/\/portalcatolico.net\/portal\/wp-json\/wp\/v2\/posts"}],"about":[{"href":"http:\/\/portalcatolico.net\/portal\/wp-json\/wp\/v2\/types\/post"}],"author":[{"embeddable":true,"href":"http:\/\/portalcatolico.net\/portal\/wp-json\/wp\/v2\/users\/2"}],"replies":[{"embeddable":true,"href":"http:\/\/portalcatolico.net\/portal\/wp-json\/wp\/v2\/comments?post=16507"}],"version-history":[{"count":7,"href":"http:\/\/portalcatolico.net\/portal\/wp-json\/wp\/v2\/posts\/16507\/revisions"}],"predecessor-version":[{"id":16516,"href":"http:\/\/portalcatolico.net\/portal\/wp-json\/wp\/v2\/posts\/16507\/revisions\/16516"}],"wp:featuredmedia":[{"embeddable":true,"href":"http:\/\/portalcatolico.net\/portal\/wp-json\/wp\/v2\/media\/16508"}],"wp:attachment":[{"href":"http:\/\/portalcatolico.net\/portal\/wp-json\/wp\/v2\/media?parent=16507"}],"wp:term":[{"taxonomy":"category","embeddable":true,"href":"http:\/\/portalcatolico.net\/portal\/wp-json\/wp\/v2\/categories?post=16507"},{"taxonomy":"post_tag","embeddable":true,"href":"http:\/\/portalcatolico.net\/portal\/wp-json\/wp\/v2\/tags?post=16507"}],"curies":[{"name":"wp","href":"https:\/\/api.w.org\/{rel}","templated":true}]}}