{"id":16504,"date":"2017-01-15T21:51:53","date_gmt":"2017-01-15T21:51:53","guid":{"rendered":"http:\/\/portalcatolico.net\/portal\/?p=16504"},"modified":"2017-01-15T21:51:53","modified_gmt":"2017-01-15T21:51:53","slug":"papa-igreja-nao-anuncia-si-mesma-mas-jesus","status":"publish","type":"post","link":"http:\/\/portalcatolico.net\/portal\/papa-igreja-nao-anuncia-si-mesma-mas-jesus\/","title":{"rendered":"Papa: &#8220;Igreja n\u00e3o anuncia si mesma, mas Jesus&#8221;"},"content":{"rendered":"<p style=\"text-align: justify;\">Em seu encontro com os fi\u00e9is na Pra\u00e7a S\u00e3o Pedro, neste domingo (15\/01), o Papa explicou o sentido das palavras do Evangelho do dia proferidas por Jo\u00e3o Batista: \u201c<strong>Eis o cordeiro de Deus que tira o pecado do mundo<\/strong>\u201d, \u00e0s margens do Rio Jord\u00e3o.<\/p>\n<p style=\"text-align: justify;\"><strong>Jo\u00e3o sabe que o Messias est\u00e1 pr\u00f3ximo<\/strong><\/p>\n<p style=\"text-align: justify;\">Enquanto Jo\u00e3o batiza as pessoas, homens e mulheres de v\u00e1rias idades, ele afirma que o reino dos c\u00e9us est\u00e1 pr\u00f3ximo e que o Messias est\u00e1 para se manifestar. \u201cPara isso, \u00e9 preciso se preparar, se converter e se comportar corretamente\u201d. O batismo \u00e9 um sinal concreto de penit\u00eancia. Jo\u00e3o sabe que o Consagrado est\u00e1 chegando e o sinal <strong>para reconhec\u00ea-lo \u00e9 que Nele se pousar\u00e1 o Esp\u00edrito Santo<\/strong>, que trar\u00e1 o verdadeiro batismo.<\/p>\n<p style=\"text-align: justify;\">\u201cEis que naquele momento Jesus se apresenta \u00e0s margens do rio, no meio do povo, dos pecadores, como n\u00f3s. \u00c9 o seu primeiro ato p\u00fablico, a primeira coisa que faz quando deixa sua casa de Nazar\u00e9: desce \u00e0 Judeia, vai ao Jord\u00e3o e se faz batizar por Jo\u00e3o Batista. Naquele momento, sobre Jesus desce o Esp\u00edrito Santo em forma de pomba e a voz do Pai o proclama Filho predileto\u201d.<\/p>\n<p style=\"text-align: justify;\"><strong>Jo\u00e3o entende que se realiza o plano divino<\/strong><\/p>\n<p style=\"text-align: justify;\">Jo\u00e3o fica desconcertado pelo fato de o Messias se ter manifestado de modo t\u00e3o impens\u00e1vel, em meio aos pecadores. O Papa explicou que iluminado pelo Esp\u00edrito, Jo\u00e3o entende que assim se realizava a justi\u00e7a divina, o plano de salva\u00e7\u00e3o de Deus, que \u201ccomo Cordeiro de Deus, toma para si os pecados do mundo\u201d.<\/p>\n<p style=\"text-align: justify;\">Esta cena, segundo o Pont\u00edfice, \u00e9 decisiva para a nossa f\u00e9 e para a miss\u00e3o da Igreja, que deve indicar Jesus \u00e0s pessoas, como fazem os padres na missa, todos os dias, quando apresentam o p\u00e3o e o vinho aos fi\u00e9is como o Corpo e o Sangue de Cristo:<\/p>\n<p style=\"text-align: justify;\"><strong>Igreja deve anunciar sempre Jesus e n\u00e3o si mesma<\/strong><\/p>\n<p style=\"text-align: justify;\">\u201cEste gesto lit\u00fargico representa toda a miss\u00e3o da Igreja, que n\u00e3o anuncia si mesma, mas anuncia Cristo! Ai da Igreja quando anuncia si mesma&#8230; perde a b\u00fassola, n\u00e3o sabe para onde ir. Ela n\u00e3o leva si mesma, mas leva Cristo, porque \u00e9 Ele e somente Ele que salva o povo do pecado, o liberta e o guia rumo \u00e0 terra da vida e da liberdade\u201d.<\/p>\n<p style=\"text-align: justify;\">Concluindo, o Papa rezou a ora\u00e7\u00e3o mariana do Angelus e pediu a Maria, M\u00e3e do Cordeiro de Deus, que nos ajude a crer Nele e a Segui-Lo. (News.va)<\/p>\n","protected":false},"excerpt":{"rendered":"<p>Em seu encontro com os fi\u00e9is na Pra\u00e7a S\u00e3o Pedro, neste domingo (15\/01), o Papa explicou o sentido das palavras do Evangelho do dia proferidas por Jo\u00e3o Batista: \u201cEis o cordeiro de Deus que tira o pecado do mundo\u201d, \u00e0s margens do Rio Jord\u00e3o. Jo\u00e3o sabe que o Messias est\u00e1 pr\u00f3ximo Enquanto Jo\u00e3o batiza as&nbsp;<\/p>\n<p><a class=\"btn btn-style\" href=\"http:\/\/portalcatolico.net\/portal\/papa-igreja-nao-anuncia-si-mesma-mas-jesus\/\">Continue Reading<\/a><\/p>\n","protected":false},"author":2,"featured_media":16505,"comment_status":"open","ping_status":"open","sticky":false,"template":"","format":"standard","meta":{"footnotes":""},"categories":[5],"tags":[],"class_list":["post-16504","post","type-post","status-publish","format-standard","has-post-thumbnail","hentry","category-igreja_no_mundo"],"_links":{"self":[{"href":"http:\/\/portalcatolico.net\/portal\/wp-json\/wp\/v2\/posts\/16504","targetHints":{"allow":["GET"]}}],"collection":[{"href":"http:\/\/portalcatolico.net\/portal\/wp-json\/wp\/v2\/posts"}],"about":[{"href":"http:\/\/portalcatolico.net\/portal\/wp-json\/wp\/v2\/types\/post"}],"author":[{"embeddable":true,"href":"http:\/\/portalcatolico.net\/portal\/wp-json\/wp\/v2\/users\/2"}],"replies":[{"embeddable":true,"href":"http:\/\/portalcatolico.net\/portal\/wp-json\/wp\/v2\/comments?post=16504"}],"version-history":[{"count":1,"href":"http:\/\/portalcatolico.net\/portal\/wp-json\/wp\/v2\/posts\/16504\/revisions"}],"predecessor-version":[{"id":16506,"href":"http:\/\/portalcatolico.net\/portal\/wp-json\/wp\/v2\/posts\/16504\/revisions\/16506"}],"wp:featuredmedia":[{"embeddable":true,"href":"http:\/\/portalcatolico.net\/portal\/wp-json\/wp\/v2\/media\/16505"}],"wp:attachment":[{"href":"http:\/\/portalcatolico.net\/portal\/wp-json\/wp\/v2\/media?parent=16504"}],"wp:term":[{"taxonomy":"category","embeddable":true,"href":"http:\/\/portalcatolico.net\/portal\/wp-json\/wp\/v2\/categories?post=16504"},{"taxonomy":"post_tag","embeddable":true,"href":"http:\/\/portalcatolico.net\/portal\/wp-json\/wp\/v2\/tags?post=16504"}],"curies":[{"name":"wp","href":"https:\/\/api.w.org\/{rel}","templated":true}]}}