{"id":16068,"date":"2017-01-14T09:28:17","date_gmt":"2017-01-14T09:28:17","guid":{"rendered":"http:\/\/portalcatolico.net\/portal\/?p=16068"},"modified":"2017-01-14T09:37:48","modified_gmt":"2017-01-14T09:37:48","slug":"a-resposta-de-um-sacerdote-a-video-de-pastora-que-quebrou-imagem-da-virgem-aparecida","status":"publish","type":"post","link":"http:\/\/portalcatolico.net\/portal\/a-resposta-de-um-sacerdote-a-video-de-pastora-que-quebrou-imagem-da-virgem-aparecida\/","title":{"rendered":"A resposta de um sacerdote a v\u00eddeo de pastora que quebrou imagem da Virgem Aparecida"},"content":{"rendered":"<p style=\"text-align: justify;\">Um v\u00eddeo no qual uma pastora de uma\u00a0igreja\u00a0evang\u00e9lica quebra \u00a0imagens de santos cat\u00f3licos \u2013 entre eles uma de Nossa Senhora Aparecida\u00a0\u2013 gerou repercuss\u00f5es nas redes sociais nos \u00faltimos dias no Brasil. Frente a isso, Pe. Jos\u00e9 Eduardo de Oliveira, da Diocese de Osasco (SP), recordou que \u201cn\u00e3o precisamos nos chocar com esse fato, que desgra\u00e7adamente \u00e9 t\u00e3o corriqueiro, e cujo rid\u00edculo s\u00f3 n\u00e3o supera aos rid\u00edculos que estes mesmos fazem\u201d.<\/p>\n<p style=\"text-align: justify;\">As cenas mostram uma mulher, identificada como pastora Z\u00e9lia, de Botucatu (SP), quebrando a imagem com um martelo, em uma cerim\u00f4nia da igreja evang\u00e9lica. Enquanto ela destr\u00f3i a imagem, outras pessoas pronunciam frases como \u201cEssa obra que foi feita pelas m\u00e3os do inimigo agora est\u00e1 sendo quebrada em nome de Jesus\u201d, \u201cN\u00e3o aceito outro Deus\u201d.<\/p>\n<p style=\"text-align: justify;\">Na quinta-feira, a pastoral Z\u00e9lia concedeu uma entrevista \u00e0 R\u00e1dio Municipalista de Botucatu e \u00e0 Ag\u00eancia 14 News, na qual pediu desculpas apenas pelo vazamento do v\u00eddeo.<\/p>\n<p style=\"text-align: justify;\">\u201cPe\u00e7o desculpa pelo v\u00eddeo porque eu sou seguidora da palavra. Em nenhum momento eu pensei em ofender o Brasil, mas voc\u00ea sabe como \u00e9 a internet. Voc\u00eas sabem como \u00e9 o povo\u201d, declarou.<\/p>\n<p style=\"text-align: justify;\">Ela refor\u00e7ou o pedido de desculpas \u201cem nome de Jesus. Como eu tenho Deus no meu cora\u00e7\u00e3o eu pe\u00e7o desculpas e pe\u00e7o que voc\u00eas parem. Porque sou seguidora da palavra e como seguidora da palavra eu tenho que honrar a palavra do meu Deus. E ele diz no livro que n\u00f3s n\u00e3o devemos fazer para n\u00f3s imagens de fundi\u00e7\u00e3o e nem ador\u00e1-las\u201d, acrescentou.<\/p>\n<p style=\"text-align: justify;\">Em nota, o Conselho Municipal de Pastores da Cidade de Botucatu disse n\u00e3o apoiar a pr\u00e1tica e pediu perd\u00e3o aos cat\u00f3licos. O texto, assinado pelo secret\u00e1rio do conselho, Paulo Cruz, afirma que \u201co Conselho de Pastores da Cidade de Botucatu n\u00e3o esteve envolvido e nem apoia uma pr\u00e1tica de intoler\u00e2ncia religiosa\u201d.<\/p>\n<p style=\"text-align: justify;\">\u201cFazendo dessa nota um pedido de perd\u00e3o aos nossos irm\u00e3os e amigos cat\u00f3licos que se sentiram ofendidos com o v\u00eddeo de uma pr\u00e1tica isolada que est\u00e1 circulando nas redes sociais\u201d, acrescenta.<\/p>\n<p style=\"text-align: justify;\">Ap\u00f3s a repercuss\u00e3o do caso, Pe. Jos\u00e9 Eduardo, Doutor em Teologia Moral pela Pontif\u00edcia Universidade da Santa Cruz (Roma), publicou uma reflex\u00e3o em seu Facebook intitulada \u201cA Crente quebra-santo\u201d. No texto, indica que \u201cqualquer padre brasileiro j\u00e1 est\u00e1 acostumado com cenas como essas\u201d.<\/p>\n<p style=\"text-align: justify;\">\u201cBasta o fulano se \u2018converter\u2019 para qualquer desses grupos e se transforma num quebra-santo. Sim, h\u00e1 aqueles mais educados que deixam as imagens nas portas das Igrejas ou que as jogam num lugar mais digno. Mas, parafraseando um corinho-retet\u00e9 cantado nessas garagens de fogo, \u2018a ordem \u00e9 pra quebrar\u2019\u201d, escreve.<\/p>\n<p style=\"text-align: justify;\">O sacerdote explica ainda que esta realidade n\u00e3o \u00e9 apenas dos dias atuais. \u201cDesde os tempos de Lutero e Calvino \u2013 afirma \u2013, os protestantes se prodigalizaram por seu \u00f3dio iconoclasta\u201d.<\/p>\n<p style=\"text-align: justify;\">Segundo ele, \u201ca teologia, aqui, \u00e9 totalmente descart\u00e1vel: vai desde a prega\u00e7\u00e3o de que por tr\u00e1s de cada imagem h\u00e1 um dem\u00f4nio\u201d, \u201cat\u00e9 a acusa\u00e7\u00e3o anti-cat\u00f3lica de que somos id\u00f3latras\u201d.<\/p>\n<p style=\"text-align: justify;\">Para o sacerdote, \u201ch\u00e1 pouco a fazer\u201d frente a esta situa\u00e7\u00e3o. Ele sublinha que \u201csomos cat\u00f3licos\u201d e que \u201cnossa voca\u00e7\u00e3o \u00e9 a unidade, \u00e9 congregarmos pessoas, \u00e9 criamos sinfonias com diferen\u00e7as\u201d.<\/p>\n<p style=\"text-align: justify;\">Por fim, declara que \u201cn\u00e3o precisamos nos chocar com esse fato, que desgra\u00e7adamente \u00e9 t\u00e3o corriqueiro, e cujo rid\u00edculo s\u00f3 n\u00e3o supera aos rid\u00edculos que estes mesmos fazem, rid\u00edculos que hoje n\u00e3o s\u00e3o mais ocultos sob o curioso v\u00e9u do mist\u00e9rio, mas s\u00e3o exibidos publicamente, em rede nacional, em suas pr\u00f3prias cadeias de TV\u201d.<\/p>\n<p style=\"text-align: justify;\">\u201cEsse fato \u00e9 apenas um entre tantos que cair\u00e3o no vazio, um exemplar entre muitos de uma crente quebra-santo\u201d, conclui. Com informa\u00e7\u00f5es da ACI Digital<\/p>\n<p style=\"text-align: justify;\">Confira o video: \u00a0<a href=\"http:\/\/www.youtube.com\/watch?v=plsl0jl8ZAk\">www.youtube.com\/watch?v=plsl0jl8ZAk<\/a><\/p>\n","protected":false},"excerpt":{"rendered":"<p>Um v\u00eddeo no qual uma pastora de uma\u00a0igreja\u00a0evang\u00e9lica quebra \u00a0imagens de santos cat\u00f3licos \u2013 entre eles uma de Nossa Senhora Aparecida\u00a0\u2013 gerou repercuss\u00f5es nas redes sociais nos \u00faltimos dias no Brasil. Frente a isso, Pe. Jos\u00e9 Eduardo de Oliveira, da Diocese de Osasco (SP), recordou que \u201cn\u00e3o precisamos nos chocar com esse fato, que desgra\u00e7adamente&nbsp;<\/p>\n<p><a class=\"btn btn-style\" href=\"http:\/\/portalcatolico.net\/portal\/a-resposta-de-um-sacerdote-a-video-de-pastora-que-quebrou-imagem-da-virgem-aparecida\/\">Continue Reading<\/a><\/p>\n","protected":false},"author":2,"featured_media":16069,"comment_status":"open","ping_status":"open","sticky":false,"template":"","format":"standard","meta":{"footnotes":""},"categories":[3],"tags":[],"class_list":["post-16068","post","type-post","status-publish","format-standard","has-post-thumbnail","hentry","category-noticias_regionais"],"_links":{"self":[{"href":"http:\/\/portalcatolico.net\/portal\/wp-json\/wp\/v2\/posts\/16068","targetHints":{"allow":["GET"]}}],"collection":[{"href":"http:\/\/portalcatolico.net\/portal\/wp-json\/wp\/v2\/posts"}],"about":[{"href":"http:\/\/portalcatolico.net\/portal\/wp-json\/wp\/v2\/types\/post"}],"author":[{"embeddable":true,"href":"http:\/\/portalcatolico.net\/portal\/wp-json\/wp\/v2\/users\/2"}],"replies":[{"embeddable":true,"href":"http:\/\/portalcatolico.net\/portal\/wp-json\/wp\/v2\/comments?post=16068"}],"version-history":[{"count":7,"href":"http:\/\/portalcatolico.net\/portal\/wp-json\/wp\/v2\/posts\/16068\/revisions"}],"predecessor-version":[{"id":16076,"href":"http:\/\/portalcatolico.net\/portal\/wp-json\/wp\/v2\/posts\/16068\/revisions\/16076"}],"wp:featuredmedia":[{"embeddable":true,"href":"http:\/\/portalcatolico.net\/portal\/wp-json\/wp\/v2\/media\/16069"}],"wp:attachment":[{"href":"http:\/\/portalcatolico.net\/portal\/wp-json\/wp\/v2\/media?parent=16068"}],"wp:term":[{"taxonomy":"category","embeddable":true,"href":"http:\/\/portalcatolico.net\/portal\/wp-json\/wp\/v2\/categories?post=16068"},{"taxonomy":"post_tag","embeddable":true,"href":"http:\/\/portalcatolico.net\/portal\/wp-json\/wp\/v2\/tags?post=16068"}],"curies":[{"name":"wp","href":"https:\/\/api.w.org\/{rel}","templated":true}]}}