{"id":16061,"date":"2017-01-14T09:01:37","date_gmt":"2017-01-14T09:01:37","guid":{"rendered":"http:\/\/portalcatolico.net\/portal\/?p=16061"},"modified":"2017-01-14T09:07:29","modified_gmt":"2017-01-14T09:07:29","slug":"participe-do-novenario-em-homenagem-ao-senhor-do-bonfim","status":"publish","type":"post","link":"http:\/\/portalcatolico.net\/portal\/participe-do-novenario-em-homenagem-ao-senhor-do-bonfim\/","title":{"rendered":"Participe do Noven\u00e1rio em homenagem ao Senhor do Bonfim!"},"content":{"rendered":"<p class=\"m_-5730872323831826469xgmail-m-5713443334411145730xgmail-msonospacing\" style=\"text-align: justify;\"><em>A par\u00f3quia Senhor do Bonfim, situada no bairro Jardim Primavera, em Itabuna (BA), est\u00e1 realizando os preparativos para a Festa do padroeiro do bairro, Senhor do Bonfim. O Noven\u00e1rio teve in\u00edcio no dia 06 e segue at\u00e9 15 de janeiro. O tema\u00a0 para este ano \u00e9 : \u201cFam\u00edlia: Protetora da vida e da cria\u00e7\u00e3o\u201d.<u><\/u><u><\/u><\/em><\/p>\n<p class=\"m_-5730872323831826469xgmail-m-5713443334411145730xgmail-msonospacing\" style=\"text-align: justify;\"><em>O evento ter\u00e1 missa todas as noites, sempre \u00e0s 19h30min, e logo ap\u00f3s as celebra\u00e7\u00f5es, ter\u00e1 quermesse e festa de largo. Nesta sexta-feira (13), a Celebra\u00e7\u00e3o Eucar\u00edstica foi presidida pelo p\u00e1roco da par\u00f3quia Senhor do Bonfim, o padre Jos\u00e9 Alberto Fonseca e concelebrada pelo p\u00e1roco da par\u00f3quia Santa Rita de C\u00e1ssia, o frei Jos\u00e9 Genilton e o di\u00e1cono permanente Othon Dantas. \u00a0<\/em><u><\/u><u><\/u><\/p>\n<p class=\"m_-5730872323831826469xgmail-msonospacing\" style=\"text-align: justify;\"><em>\u00a0O frei\u00a0 Genilton refletiu sobre o Subtema da 8\u00aa noite: \u201cEducar para alian\u00e7a entre a humanidade e o ambiente\u201d e disse: \u201cEu olho para a terra e digo \u2018tudo que existe brota da terra\u2019. O feij\u00e3o brota da terra, o milho brota da terra. A terra significa o lugar aonde eu piso mas tamb\u00e9m significa um lugar que amanh\u00e3 ser\u00e1 meu teto. Eu piso hoje mas amanh\u00e3 ser\u00e1\u00a0 meu teto. A terra \u00e9 m\u00e3e porque n\u00e3o existe vida sem a terra, a \u00e1gua \u00e9 vida. Ent\u00e3o quando se contaminam os mares, os rios, est\u00e3o matando as pessoas. A \u00e1gua e a terra s\u00e3o insepar\u00e1veis. E terra e \u00e1gua s\u00e3o frutos da m\u00e3o do Criador!\u201d<\/em><u><\/u><u><\/u><\/p>\n<p class=\"m_-5730872323831826469xgmail-msonospacing\" style=\"text-align: justify;\"><em>Os respons\u00e1veis pele liturgia foram a Renova\u00e7\u00e3o Carism\u00e1tica Cat\u00f3lica\u00a0 e Vicentinos.<\/em><u><\/u><u><\/u><\/p>\n<p class=\"m_-5730872323831826469xgmail-msonospacing\" style=\"text-align: justify;\"><em>Os convidados da noite foram: Par\u00f3quia Santa Rita de C\u00e1ssia, Zeladores e Zeladoras da M\u00e3e Peregrina, Apostolado da Ora\u00e7\u00e3o, Comunidade do Sagrado Cora\u00e7\u00e3o de Jesus e COMIPA.<\/em><u><\/u><u><\/u><\/p>\n<p class=\"m_-5730872323831826469xgmail-msonospacing\" style=\"text-align: justify;\"><em>O padre Alberto informou que a missa de encerramento ser\u00e1 neste domingo (15),\u00a0 \u00e0s 18h e em seguida, prociss\u00e3o pelas principais ruas do bairro.<\/em><\/p>\n<p class=\"m_-5730872323831826469xgmail-msonospacing\" style=\"text-align: justify;\">Texto:Reda\u00e7\u00e3o Portal Cat\u00f3lico<\/p>\n","protected":false},"excerpt":{"rendered":"<p>A par\u00f3quia Senhor do Bonfim, situada no bairro Jardim Primavera, em Itabuna (BA), est\u00e1 realizando os preparativos para a Festa do padroeiro do bairro, Senhor do Bonfim. O Noven\u00e1rio teve in\u00edcio no dia 06 e segue at\u00e9 15 de janeiro. O tema\u00a0 para este ano \u00e9 : \u201cFam\u00edlia: Protetora da vida e da cria\u00e7\u00e3o\u201d. O&nbsp;<\/p>\n<p><a class=\"btn btn-style\" href=\"http:\/\/portalcatolico.net\/portal\/participe-do-novenario-em-homenagem-ao-senhor-do-bonfim\/\">Continue Reading<\/a><\/p>\n","protected":false},"author":2,"featured_media":16062,"comment_status":"open","ping_status":"open","sticky":false,"template":"","format":"standard","meta":{"footnotes":""},"categories":[2],"tags":[],"class_list":["post-16061","post","type-post","status-publish","format-standard","has-post-thumbnail","hentry","category-eventos"],"_links":{"self":[{"href":"http:\/\/portalcatolico.net\/portal\/wp-json\/wp\/v2\/posts\/16061","targetHints":{"allow":["GET"]}}],"collection":[{"href":"http:\/\/portalcatolico.net\/portal\/wp-json\/wp\/v2\/posts"}],"about":[{"href":"http:\/\/portalcatolico.net\/portal\/wp-json\/wp\/v2\/types\/post"}],"author":[{"embeddable":true,"href":"http:\/\/portalcatolico.net\/portal\/wp-json\/wp\/v2\/users\/2"}],"replies":[{"embeddable":true,"href":"http:\/\/portalcatolico.net\/portal\/wp-json\/wp\/v2\/comments?post=16061"}],"version-history":[{"count":1,"href":"http:\/\/portalcatolico.net\/portal\/wp-json\/wp\/v2\/posts\/16061\/revisions"}],"predecessor-version":[{"id":16063,"href":"http:\/\/portalcatolico.net\/portal\/wp-json\/wp\/v2\/posts\/16061\/revisions\/16063"}],"wp:featuredmedia":[{"embeddable":true,"href":"http:\/\/portalcatolico.net\/portal\/wp-json\/wp\/v2\/media\/16062"}],"wp:attachment":[{"href":"http:\/\/portalcatolico.net\/portal\/wp-json\/wp\/v2\/media?parent=16061"}],"wp:term":[{"taxonomy":"category","embeddable":true,"href":"http:\/\/portalcatolico.net\/portal\/wp-json\/wp\/v2\/categories?post=16061"},{"taxonomy":"post_tag","embeddable":true,"href":"http:\/\/portalcatolico.net\/portal\/wp-json\/wp\/v2\/tags?post=16061"}],"curies":[{"name":"wp","href":"https:\/\/api.w.org\/{rel}","templated":true}]}}