{"id":15907,"date":"2017-01-14T01:54:30","date_gmt":"2017-01-14T01:54:30","guid":{"rendered":"http:\/\/portalcatolico.net\/portal\/?p=15907"},"modified":"2017-01-14T09:10:49","modified_gmt":"2017-01-14T09:10:49","slug":"paroquia-nossa-senhora-aparecida-realiza-primeira-celebracao-do-ano-mariano-em-2017","status":"publish","type":"post","link":"http:\/\/portalcatolico.net\/portal\/paroquia-nossa-senhora-aparecida-realiza-primeira-celebracao-do-ano-mariano-em-2017\/","title":{"rendered":"Par\u00f3quia Nossa Senhora Aparecida realiza primeira celebra\u00e7\u00e3o do Ano Mariano em 2017"},"content":{"rendered":"<p class=\"m_1821805528831700422xmsonormal\" style=\"text-align: justify;\"><em>A par\u00f3quia Nossa Senhora Aparecida, situada no bairro Calif\u00f3rnia, iniciou o Ano Mariano desde o dia 12 de outubro de 2016 e segue at\u00e9 outubro de 2017. As celebra\u00e7\u00f5es acontecem todos os meses sempre no dia 12 de cada m\u00eas. Nesta quinta-feira (12), a celebra\u00e7\u00e3o Eucar\u00edstica teve in\u00edcio \u00e0s 18h, com a reza do ter\u00e7o (que foi rezada pelo os homens do ter\u00e7o da igreja matriz), e em seguida, aconteceu a santa missa que foi presidida pelo p\u00e1roco da Igreja matriz, o padre Wesley do Carmo.<u><\/u><u><\/u><\/em><\/p>\n<p class=\"m_1821805528831700422xmsonormal\" style=\"text-align: justify;\"><em>Devotos, fieis de v\u00e1rios bairros de Itabuna, al\u00e9m dos paroquianos da igreja foram participar da santa missa, pois a par\u00f3quia \u00a0ficou pequena para os fieis.<u><\/u><u><\/u><\/em><\/p>\n<p class=\"m_1821805528831700422xmsonormal\" style=\"text-align: justify;\"><em>Na homilia o padre Wesley do Carmo, pediu para os fieis tirarem o ter\u00e7o do bolso, do pesco\u00e7o ,da \u00a0parede que esta pendurado e rezarem. \u201c\u00c0s vezes n\u00e3o estamos rezando ou estamos rezando apressadamente. N\u00f3s estamos com muita pressa, mas o Esp\u00edrito Santo precisa do sil\u00eancio do nosso cora\u00e7\u00e3o\u201d. Ao final da homilia, ele falou uma frase muito emocionante: \u201cDeus olha para voc\u00eas atrav\u00e9s dos olhos de Nossa Senhora Aparecida!\u201d.<\/em><u><\/u><u><\/u><\/p>\n<p class=\"m_1821805528831700422xmsonormal\" style=\"text-align: justify;\"><em>O ano mariano Jubilar dos 300 anos de b\u00ean\u00e7\u00e3os est\u00e1 sendo realizado em todas as dioceses do pa\u00eds aonde tem uma par\u00f3quia de Nossa Senhora Aparecida.\u00a0 O pedido de concess\u00e3o da indulg\u00eancia durante o Ano Nacional Mariano foi feito pelo arcebispo em\u00e9rito de Aparecida (SP), cardeal Raymundo Damasceno Assis. Na solicita\u00e7\u00e3o, o cardeal explicou que durante o tempo jubilar na Igreja no Brasil ser\u00e3o realizadas \u201cv\u00e1rias celebra\u00e7\u00f5es sagradas e peregrina\u00e7\u00f5es em honra da celeste Padroeira do Brasil n\u00e3o s\u00f3 na Bas\u00edlica Nacional Santu\u00e1rio de Aparecida, mas tamb\u00e9m em todas as igrejas paroquiais dedicadas em honra d\u2019Ela\u201d para que cres\u00e7a nos fi\u00e9is \u201cpiedoso afeto para com a \u2018Virgem Aparecida\u2019 e assim se tornem mais fortes nos veneradores d\u2019Ela a f\u00e9, a esperan\u00e7a e a caridade, e eles pr\u00f3prios, refeitos pelos sacramentos, sejam mais e mais estimulados a conformarem a vida ao Evangelho\u201d.<\/em><\/p>\n<p class=\"m_1821805528831700422xmsonormal\" style=\"text-align: justify;\">Texto:Portal Cat\u00f3lico<\/p>\n","protected":false},"excerpt":{"rendered":"<p>A par\u00f3quia Nossa Senhora Aparecida, situada no bairro Calif\u00f3rnia, iniciou o Ano Mariano desde o dia 12 de outubro de 2016 e segue at\u00e9 outubro de 2017. As celebra\u00e7\u00f5es acontecem todos os meses sempre no dia 12 de cada m\u00eas. Nesta quinta-feira (12), a celebra\u00e7\u00e3o Eucar\u00edstica teve in\u00edcio \u00e0s 18h, com a reza do ter\u00e7o&nbsp;<\/p>\n<p><a class=\"btn btn-style\" href=\"http:\/\/portalcatolico.net\/portal\/paroquia-nossa-senhora-aparecida-realiza-primeira-celebracao-do-ano-mariano-em-2017\/\">Continue Reading<\/a><\/p>\n","protected":false},"author":2,"featured_media":15908,"comment_status":"open","ping_status":"open","sticky":false,"template":"","format":"standard","meta":{"footnotes":""},"categories":[4],"tags":[],"class_list":["post-15907","post","type-post","status-publish","format-standard","has-post-thumbnail","hentry","category-destaques"],"_links":{"self":[{"href":"http:\/\/portalcatolico.net\/portal\/wp-json\/wp\/v2\/posts\/15907","targetHints":{"allow":["GET"]}}],"collection":[{"href":"http:\/\/portalcatolico.net\/portal\/wp-json\/wp\/v2\/posts"}],"about":[{"href":"http:\/\/portalcatolico.net\/portal\/wp-json\/wp\/v2\/types\/post"}],"author":[{"embeddable":true,"href":"http:\/\/portalcatolico.net\/portal\/wp-json\/wp\/v2\/users\/2"}],"replies":[{"embeddable":true,"href":"http:\/\/portalcatolico.net\/portal\/wp-json\/wp\/v2\/comments?post=15907"}],"version-history":[{"count":1,"href":"http:\/\/portalcatolico.net\/portal\/wp-json\/wp\/v2\/posts\/15907\/revisions"}],"predecessor-version":[{"id":15909,"href":"http:\/\/portalcatolico.net\/portal\/wp-json\/wp\/v2\/posts\/15907\/revisions\/15909"}],"wp:featuredmedia":[{"embeddable":true,"href":"http:\/\/portalcatolico.net\/portal\/wp-json\/wp\/v2\/media\/15908"}],"wp:attachment":[{"href":"http:\/\/portalcatolico.net\/portal\/wp-json\/wp\/v2\/media?parent=15907"}],"wp:term":[{"taxonomy":"category","embeddable":true,"href":"http:\/\/portalcatolico.net\/portal\/wp-json\/wp\/v2\/categories?post=15907"},{"taxonomy":"post_tag","embeddable":true,"href":"http:\/\/portalcatolico.net\/portal\/wp-json\/wp\/v2\/tags?post=15907"}],"curies":[{"name":"wp","href":"https:\/\/api.w.org\/{rel}","templated":true}]}}