{"id":15904,"date":"2017-01-14T01:47:40","date_gmt":"2017-01-14T01:47:40","guid":{"rendered":"http:\/\/portalcatolico.net\/portal\/?p=15904"},"modified":"2017-01-14T16:24:53","modified_gmt":"2017-01-14T16:24:53","slug":"paroco-da-diocese-de-itabuna-fala-sobre-a-comemoracao-dos-300-anos-de-nossa-senhora-aparecida","status":"publish","type":"post","link":"http:\/\/portalcatolico.net\/portal\/paroco-da-diocese-de-itabuna-fala-sobre-a-comemoracao-dos-300-anos-de-nossa-senhora-aparecida\/","title":{"rendered":"P\u00e1roco da Diocese de Itabuna fala sobre a comemora\u00e7\u00e3o dos 300 anos de Nossa Senhora Aparecida"},"content":{"rendered":"<p style=\"text-align: justify;\"><em>O Padre Wesley do Carmo, p\u00e1roco da par\u00f3quia Nossa Senhora Aparecida, na Diocese de Itabuna, fala sobre as prepara\u00e7\u00f5es dos 300 anos de Nossa Senhora Aparecida nas Dioceses de todo o Brasil. Confira a entrevista com exclusividade!<\/em><\/p>\n<p style=\"text-align: justify;\"><em><strong>Portal Cat\u00f3lico<\/strong>: O Ano Jubilar Mariano ser\u00e1 comemorado em todo Brasil. Fale um pouco sobre a import\u00e2ncia desse momento.<\/em><\/p>\n<p style=\"text-align: justify;\"><em>Padre Wesley: N\u00f3s estamos celebrando o Ano Jubilar Mariano que foi proclamado dia 12 de outubro de 2016 e vai at\u00e9 o dia 12 de outubro de 2017, onde n\u00f3s iremos celebrar a solenidade dos 300 anos em que a imagem de Nossa Senhora Aparecida foi encontrada no rio Para\u00edba do Sul em S\u00e3o Paulo. Ent\u00e3o, ao longo deste ano n\u00f3s somos motivados pela CNBB \u00e0 divulgar ainda mais a devo\u00e7\u00e3o que temos por Nossa Senhora. Tivemos a alegria de iniciar essa prepara\u00e7\u00e3o h\u00e1 tr\u00eas anos. Em 2015, o Santu\u00e1rio Nacional enviou as imagens peregrinas para todas as Dioceses, e a nossa Diocese tamb\u00e9m recebeu essa imagem e ela permanece conosco ao longo desse ano. Vale lembrar que a cada dia 12 n\u00f3s temos aqui na par\u00f3quia de Nossa Senhora Aparecida uma programa\u00e7\u00e3o e celebramos a Festa da nossa padroeira.<\/em><\/p>\n<p style=\"text-align: justify;\"><em><strong>Portal Cat\u00f3lico<\/strong>: Do que se tratam as indulg\u00eancias?<\/em><\/p>\n<p style=\"text-align: justify;\"><em>Padre Wesley: As santas indulg\u00eancias s\u00e3o as gra\u00e7as que o povo brasileiro recebeu nesse Ano Jubilar Mariano. E que gra\u00e7a \u00e9 essa? N\u00f3s estamos vivendo um tempo de b\u00ean\u00e7\u00e3os por causa do Ano Jubilar e o Arcebispo de Aparecida, Dom Damasceno, expediu ao Papa que nos concedesse essa gra\u00e7a e com isso, o Papa autorizou que no Santu\u00e1rio Nacional de Aparecida e em todas as par\u00f3quias que t\u00eam a imagem como padroeira, se tornassem uma sede para as indulg\u00eancias plen\u00e1rias, que s\u00e3o as penas que ficam ap\u00f3s as confiss\u00f5es. N\u00f3s confessamos os nossos pecados e a tradi\u00e7\u00e3o da igreja vai dizer que para que possamos receber o perd\u00e3o dessas penas, n\u00f3s buscamos viver uma pr\u00e1tica de f\u00e9 que \u00e9 a confiss\u00e3o, a participa\u00e7\u00e3o da Eucaristia e a ora\u00e7\u00e3o pelo santo padre, que nos concede a gra\u00e7a de receber essas indulg\u00eancias plen\u00e1rias. \u00a0<\/em><\/p>\n<p style=\"text-align: justify;\"><em><strong>Portal Cat\u00f3lico<\/strong>: Qual a inten\u00e7\u00e3o da Igreja com a celebra\u00e7\u00e3o do Ano Mariano?<\/em><\/p>\n<p style=\"text-align: justify;\"><em>Padre Wesley: O Ano Mariano surgiu como um momento hist\u00f3rico para o povo brasileiro que se prepara para celebrar 300 anos em que a imagem de Nossa Senhora Aparecida foi encontrada. Ent\u00e3o, a maior motiva\u00e7\u00e3o desse Ano Jubilar Mariano \u00e9 justamente a prepara\u00e7\u00e3o para esse anivers\u00e1rio, esses 300 anos de b\u00ean\u00e7\u00e3os derramadas sobre o povo brasileiro por intercess\u00e3o de Nossa Senhora.<\/em><\/p>\n<p style=\"text-align: justify;\"><em><strong>Portal Cat\u00f3lico<\/strong>: Por que essa devo\u00e7\u00e3o conseguiu abra\u00e7ar tantas Dioceses?<\/em><\/p>\n<p style=\"text-align: justify;\"><em>Padre Wesley: A devo\u00e7\u00e3o \u00e0 Maria est\u00e1 presente na alma do cat\u00f3lico. Est\u00e1 presente na vida dos fieis cat\u00f3licos. E no povo brasileiro ela aparece aos simples, aos humildes, e por isso desperta no cora\u00e7\u00e3o de todos os fieis, esse zelo, esse amor com Nossa Senhora por reconhecer que ela \u00e9 a grande intercessora daqueles que est\u00e3o vivendo neste pa\u00eds e que muitas vezes s\u00e3o massacrados, que muitas vezes est\u00e3o exclu\u00eddos, que sofrem.<\/em><\/p>\n<p style=\"text-align: justify;\"><em><strong>Portal Cat\u00f3lico<\/strong>: Quais s\u00e3o as caracter\u00edsticas de Nossa Senhora que n\u00f3s devemos levar para nossas fam\u00edlias e comunidades como exemplo?<\/em><\/p>\n<p style=\"text-align: justify;\"><em>Padre Wesley: Maria \u00e9 m\u00e3e mestra, m\u00e3e de Jesus Cristo, m\u00e3e Igreja, m\u00e3e do povo de Deus. Mestra porque nos ensina a amar seu filho Jesus ent\u00e3o n\u00f3s devemos levar para nossas fam\u00edlias e comunidades, o ensinamento que Maria transmite para n\u00f3s, no seu sil\u00eancio, na contempla\u00e7\u00e3o mas que ao mesmo tempo \u00e9 uma contempla\u00e7\u00e3o que tem atitude de conduzir a todos para o Cristo Jesus.<\/em><\/p>\n<p style=\"text-align: justify;\"><em><strong>Portal Cat\u00f3lico<\/strong>: Qual a import\u00e2ncia desse Ano Mariano para a Diocese de Itabuna?<\/em><\/p>\n<p style=\"text-align: justify;\"><em>Padre Wesley: Tanto para a nossa Diocese bem como para todas as outras, \u00e9 um despertar ainda mais da nossa f\u00e9. \u00c9 um momento onde n\u00f3s devemos aproveitar para propagar ainda mais a nossa devo\u00e7\u00e3o a Nossa Senhora e trazer as pessoas para perto de Jesus Cristo atrav\u00e9s dessa devo\u00e7\u00e3o.<\/em><\/p>\n<p style=\"text-align: justify;\">Assita o video:\u00a0<em><a href=\"http:\/\/www.youtube.com\/watch?v=HLX9fY57MBU\">www.youtube.com\/watch?v=HLX9fY57MBU<\/a><\/em><\/p>\n","protected":false},"excerpt":{"rendered":"<p>O Padre Wesley do Carmo, p\u00e1roco da par\u00f3quia Nossa Senhora Aparecida, na Diocese de Itabuna, fala sobre as prepara\u00e7\u00f5es dos 300 anos de Nossa Senhora Aparecida nas Dioceses de todo o Brasil. Confira a entrevista com exclusividade! Portal Cat\u00f3lico: O Ano Jubilar Mariano ser\u00e1 comemorado em todo Brasil. Fale um pouco sobre a import\u00e2ncia desse&nbsp;<\/p>\n<p><a class=\"btn btn-style\" href=\"http:\/\/portalcatolico.net\/portal\/paroco-da-diocese-de-itabuna-fala-sobre-a-comemoracao-dos-300-anos-de-nossa-senhora-aparecida\/\">Continue Reading<\/a><\/p>\n","protected":false},"author":2,"featured_media":15905,"comment_status":"open","ping_status":"open","sticky":false,"template":"","format":"standard","meta":{"footnotes":""},"categories":[65],"tags":[],"class_list":["post-15904","post","type-post","status-publish","format-standard","has-post-thumbnail","hentry","category-entrevistas"],"_links":{"self":[{"href":"http:\/\/portalcatolico.net\/portal\/wp-json\/wp\/v2\/posts\/15904","targetHints":{"allow":["GET"]}}],"collection":[{"href":"http:\/\/portalcatolico.net\/portal\/wp-json\/wp\/v2\/posts"}],"about":[{"href":"http:\/\/portalcatolico.net\/portal\/wp-json\/wp\/v2\/types\/post"}],"author":[{"embeddable":true,"href":"http:\/\/portalcatolico.net\/portal\/wp-json\/wp\/v2\/users\/2"}],"replies":[{"embeddable":true,"href":"http:\/\/portalcatolico.net\/portal\/wp-json\/wp\/v2\/comments?post=15904"}],"version-history":[{"count":3,"href":"http:\/\/portalcatolico.net\/portal\/wp-json\/wp\/v2\/posts\/15904\/revisions"}],"predecessor-version":[{"id":16078,"href":"http:\/\/portalcatolico.net\/portal\/wp-json\/wp\/v2\/posts\/15904\/revisions\/16078"}],"wp:featuredmedia":[{"embeddable":true,"href":"http:\/\/portalcatolico.net\/portal\/wp-json\/wp\/v2\/media\/15905"}],"wp:attachment":[{"href":"http:\/\/portalcatolico.net\/portal\/wp-json\/wp\/v2\/media?parent=15904"}],"wp:term":[{"taxonomy":"category","embeddable":true,"href":"http:\/\/portalcatolico.net\/portal\/wp-json\/wp\/v2\/categories?post=15904"},{"taxonomy":"post_tag","embeddable":true,"href":"http:\/\/portalcatolico.net\/portal\/wp-json\/wp\/v2\/tags?post=15904"}],"curies":[{"name":"wp","href":"https:\/\/api.w.org\/{rel}","templated":true}]}}