{"id":15899,"date":"2017-01-14T01:39:15","date_gmt":"2017-01-14T01:39:15","guid":{"rendered":"http:\/\/portalcatolico.net\/portal\/?p=15899"},"modified":"2017-01-14T09:09:24","modified_gmt":"2017-01-14T09:09:24","slug":"participe-dos-festejos-em-homenagem-a-sao-sebastiao","status":"publish","type":"post","link":"http:\/\/portalcatolico.net\/portal\/participe-dos-festejos-em-homenagem-a-sao-sebastiao\/","title":{"rendered":"Participe dos festejos em homenagem a S\u00e3o Sebasti\u00e3o!"},"content":{"rendered":"<p class=\"m_-823625613261876388xgmail-msonospacing\" style=\"text-align: justify;\"><em>A par\u00f3quia S\u00e3o Sebasti\u00e3o, na cidade de Camac\u00e3, iniciou os Festejos em honra \u00e0 S\u00e3o Sebasti\u00e3o, padroeiro da cidade, na \u00faltima quarta-feira, 11 de janeiro.<u><\/u><u><\/u><\/em><\/p>\n<p class=\"m_-823625613261876388xgmail-msonospacing\" style=\"text-align: justify;\"><em>O tema central da festa \u00e9:\u201cMaria,\u00a0 m\u00e3e e \u00a0mestra da Igreja. Fazei tudo que ele vos disser \u201d (Jo 2,5). Durante o Noven\u00e1rio ter\u00e1 Adora\u00e7\u00e3o ao Sant\u00edssimo Sacramento , \u00e0s 18h. E as missas acontecer\u00e3o todas os dias \u00e0s 19h.<u><\/u><u><\/u><\/em><\/p>\n<p class=\"m_-823625613261876388xgmail-msonospacing\" style=\"text-align: justify;\"><em>A Santa Missa foi presidida pelo Padre Fernando da Diocese de Cama\u00e7ari e concelebrada pelo p\u00e1roco da igreja matriz, o Pe. Valdeni Neris e do Padre Lourival, que tamb\u00e9m j\u00e1 foi p\u00e1roco da par\u00f3quia de s\u00e3o Sebasti\u00e3o (o mesmo faz parte do clero da Diocese de Ilh\u00e9us).<\/em><i><br \/>\n<em>O subtema \u00a0da \u00a0primeira noite foi &#8220;A M\u00c3E DE DEUS, A MULHER QUE O ALT\u00cdSSIMO PREPAROU PARA SER SUA M\u00c3E&#8221;.<\/em><br \/>\n<em>Os homenageados foram todas as pastorais da igreja matriz e a liturgia ficou sobre a e responsabilidade da Renova\u00e7\u00e3o Carism\u00e1tica Cat\u00f3lica \u201cRCC\u201d de Camac\u00e3. Logo ap\u00f3s a Celebra\u00e7\u00e3o \u00a0Eucar\u00edstica aconteceu a festa de largo, com bandas locais.<img loading=\"lazy\" decoding=\"async\" class=\"size-medium wp-image-15902 alignright\" src=\"http:\/\/portalcatolico.net\/portal\/wp-content\/uploads\/2017\/01\/15978043_935981113205342_8435236382452156056_n-300x169.png\" alt=\"15978043_935981113205342_8435236382452156056_n\" width=\"300\" height=\"169\" srcset=\"http:\/\/portalcatolico.net\/portal\/wp-content\/uploads\/2017\/01\/15978043_935981113205342_8435236382452156056_n-300x169.png 300w, http:\/\/portalcatolico.net\/portal\/wp-content\/uploads\/2017\/01\/15978043_935981113205342_8435236382452156056_n-768x432.png 768w, http:\/\/portalcatolico.net\/portal\/wp-content\/uploads\/2017\/01\/15978043_935981113205342_8435236382452156056_n.png 960w\" sizes=\"auto, (max-width: 300px) 100vw, 300px\" \/><\/em><\/i><i><br \/>\n<\/i><em>No domingo ,dia 15, ao meio dia acontecer\u00e1 uma deliciosa feijoada.<\/em><\/p>\n<p class=\"m_-823625613261876388xgmail-msonospacing\" style=\"text-align: justify;\"><em>Na ter\u00e7a feira (17),\u00e9 o dia do Bem, com feira da Sa\u00fade. Nos dias 18,19 e 22,acontecer\u00e1 o t\u00e3o esperado Show de calouros. Na sexta-feira, dia 20, ser\u00e3o realizados \u00a0os batizados, \u00e0s 9h, na igreja matriz. E ao meio, ser\u00e1 servido o tradicional Caruru do Lions. Na parte da \u00a0tarde, acontece o show de Talentos Mirim e \u00e0 noite, a final do show de calouros.<u><\/u><u><\/u><\/em><\/p>\n<p class=\"m_-823625613261876388xgmail-msonospacing\" style=\"text-align: justify;\"><i><em>Confira a programa\u00e7\u00e3o dos m\u00fasicos, no noven\u00e1rio e festa do padroeiro de Camac\u00e3 S\u00e3o Sebastiao, pertencente \u00e0 Diocese de Itabuna:<\/em><u><\/u><u><\/u><\/i><\/p>\n<p class=\"m_-823625613261876388xmsonormal\" style=\"text-align: justify;\"><em>Dia 13-Hugo e Bruno<\/em><u><\/u><u><\/u><\/p>\n<p class=\"m_-823625613261876388xmsonormal\" style=\"text-align: justify;\"><em>14-Helton Fabiano<\/em><u><\/u><u><\/u><\/p>\n<p class=\"m_-823625613261876388xmsonormal\" style=\"text-align: justify;\"><em>15-Jhony<\/em><u><\/u><u><\/u><\/p>\n<p class=\"m_-823625613261876388xmsonormal\" style=\"text-align: justify;\"><em>16-Escola de dan\u00e7a<\/em><u><\/u><u><\/u><\/p>\n<p class=\"m_-823625613261876388xmsonormal\" style=\"text-align: justify;\"><em>17- Dia do bem, dedicado a sa\u00fade<\/em><u><\/u><u><\/u><\/p>\n<p class=\"m_-823625613261876388xmsonormal\" style=\"text-align: justify;\"><em>18-Tiago Paim<\/em><u><\/u><u><\/u><\/p>\n<p class=\"m_-823625613261876388xmsonormal\" style=\"text-align: justify;\"><em>19-Show de Calouros<\/em><u><\/u><u><\/u><\/p>\n<p class=\"m_-823625613261876388xmsonormal\" style=\"text-align: justify;\"><em>19-Andr\u00e9 Graziane e Banda e show de Calouros<\/em><u><\/u><u><\/u><\/p>\n<p class=\"m_-823625613261876388xmsonormal\" style=\"text-align: justify;\"><em>20-Diogo Schau e Banda \u00a0Lord\u00e3o<\/em><u><\/u><u><\/u><\/p>\n<p class=\"m_-823625613261876388xmsonormal\" style=\"text-align: justify;\"><em>21-Jah Me Reggae. Acordes Simples<\/em><u><\/u><u><\/u><\/p>\n<p class=\"m_-823625613261876388xmsonormal\" style=\"text-align: justify;\"><em>22-Talento Mirim e final de Show de calouros<\/em><u><\/u><u><\/u><\/p>\n<p class=\"m_-823625613261876388xmsonormal\" style=\"text-align: justify;\"><em>Participe!<\/em><\/p>\n<p class=\"m_-823625613261876388xmsonormal\" style=\"text-align: justify;\">Texto:Portal Cat\u00f3lico<\/p>\n","protected":false},"excerpt":{"rendered":"<p>A par\u00f3quia S\u00e3o Sebasti\u00e3o, na cidade de Camac\u00e3, iniciou os Festejos em honra \u00e0 S\u00e3o Sebasti\u00e3o, padroeiro da cidade, na \u00faltima quarta-feira, 11 de janeiro. O tema central da festa \u00e9:\u201cMaria,\u00a0 m\u00e3e e \u00a0mestra da Igreja. Fazei tudo que ele vos disser \u201d (Jo 2,5). Durante o Noven\u00e1rio ter\u00e1 Adora\u00e7\u00e3o ao Sant\u00edssimo Sacramento , \u00e0s&nbsp;<\/p>\n<p><a class=\"btn btn-style\" href=\"http:\/\/portalcatolico.net\/portal\/participe-dos-festejos-em-homenagem-a-sao-sebastiao\/\">Continue Reading<\/a><\/p>\n","protected":false},"author":2,"featured_media":15900,"comment_status":"open","ping_status":"open","sticky":false,"template":"","format":"standard","meta":{"footnotes":""},"categories":[2],"tags":[],"class_list":["post-15899","post","type-post","status-publish","format-standard","has-post-thumbnail","hentry","category-eventos"],"_links":{"self":[{"href":"http:\/\/portalcatolico.net\/portal\/wp-json\/wp\/v2\/posts\/15899","targetHints":{"allow":["GET"]}}],"collection":[{"href":"http:\/\/portalcatolico.net\/portal\/wp-json\/wp\/v2\/posts"}],"about":[{"href":"http:\/\/portalcatolico.net\/portal\/wp-json\/wp\/v2\/types\/post"}],"author":[{"embeddable":true,"href":"http:\/\/portalcatolico.net\/portal\/wp-json\/wp\/v2\/users\/2"}],"replies":[{"embeddable":true,"href":"http:\/\/portalcatolico.net\/portal\/wp-json\/wp\/v2\/comments?post=15899"}],"version-history":[{"count":2,"href":"http:\/\/portalcatolico.net\/portal\/wp-json\/wp\/v2\/posts\/15899\/revisions"}],"predecessor-version":[{"id":15903,"href":"http:\/\/portalcatolico.net\/portal\/wp-json\/wp\/v2\/posts\/15899\/revisions\/15903"}],"wp:featuredmedia":[{"embeddable":true,"href":"http:\/\/portalcatolico.net\/portal\/wp-json\/wp\/v2\/media\/15900"}],"wp:attachment":[{"href":"http:\/\/portalcatolico.net\/portal\/wp-json\/wp\/v2\/media?parent=15899"}],"wp:term":[{"taxonomy":"category","embeddable":true,"href":"http:\/\/portalcatolico.net\/portal\/wp-json\/wp\/v2\/categories?post=15899"},{"taxonomy":"post_tag","embeddable":true,"href":"http:\/\/portalcatolico.net\/portal\/wp-json\/wp\/v2\/tags?post=15899"}],"curies":[{"name":"wp","href":"https:\/\/api.w.org\/{rel}","templated":true}]}}