{"id":15894,"date":"2017-01-13T09:23:54","date_gmt":"2017-01-13T09:23:54","guid":{"rendered":"http:\/\/portalcatolico.net\/portal\/?p=15894"},"modified":"2017-01-13T09:24:47","modified_gmt":"2017-01-13T09:24:47","slug":"sao-sebastiao-intercessor-dos-enfermos-e-de-criancas-e-jovens-em-vulnerabilidade-social","status":"publish","type":"post","link":"http:\/\/portalcatolico.net\/portal\/sao-sebastiao-intercessor-dos-enfermos-e-de-criancas-e-jovens-em-vulnerabilidade-social\/","title":{"rendered":"S\u00e3o Sebasti\u00e3o: intercessor dos enfermos e de crian\u00e7as e jovens em vulnerabilidade social"},"content":{"rendered":"<p style=\"text-align: justify;\">Nesta quinta-feira, 12 de janeiro, sexto dia da Trezena de S\u00e3o Sebasti\u00e3o, a comitiva visitou hospitais, casas beneficentes e igrejas dedicadas ao Santo Padroeiro da Arquidiocese e da cidade. O primeiro local a receber o cortejo foi a Policl\u00ednica Nossa Senhora das Gra\u00e7as, administrada pela Marinha, no bairro da Tijuca, e contou tamb\u00e9m com a presen\u00e7a do vig\u00e1rio episcopal do Vicariato Norte, Padre Cl\u00e1udio dos Santos.<\/p>\n<p style=\"text-align: justify;\">Logo no in\u00edcio, os militares hastearam a bandeira do Brasil, convidando a todos a rezarem pela p\u00e1tria e por suas necessidades. Esse foi um dos sentimentos de Solange Villela, paroquiana da Igreja S\u00e3o Francisco Xavier, na Tijuca.<\/p>\n<p style=\"text-align: justify;\">&#8220;Essa \u00e9 a oportunidade que temos para rezar pelo nosso pa\u00eds, porque estamos precisando. Sou devota de S\u00e3o Sebasti\u00e3o e \u00e9 isso o que \u00e9 pe\u00e7o a ele&#8221;, afirmou.<\/p>\n<p style=\"text-align: justify;\">No local, o Cardeal Orani Jo\u00e3o Tempesta realizou a celebra\u00e7\u00e3o mission\u00e1ria, conversou com alguns pacientes e familiares, e ainda visitou alas da policl\u00ednica, como a odontologia, fisioterapia e a GAAPE, onde acontecem os atendimentos \u00e0s crian\u00e7as com necessidades especiais.<\/p>\n<p style=\"text-align: justify;\">Devota do santo, a presidente da Associa\u00e7\u00e3o de Nossa Senhora de Nazar\u00e9 dos Capuchinhos, Maria de<img loading=\"lazy\" decoding=\"async\" class=\"size-medium wp-image-15897 alignright\" src=\"http:\/\/portalcatolico.net\/portal\/wp-content\/uploads\/2017\/01\/Sexto_dia_Trezena_20173_12012017190427-300x200.jpg\" alt=\"Sexto_dia_Trezena_20173_12012017190427\" width=\"300\" height=\"200\" srcset=\"http:\/\/portalcatolico.net\/portal\/wp-content\/uploads\/2017\/01\/Sexto_dia_Trezena_20173_12012017190427-300x200.jpg 300w, http:\/\/portalcatolico.net\/portal\/wp-content\/uploads\/2017\/01\/Sexto_dia_Trezena_20173_12012017190427-768x512.jpg 768w, http:\/\/portalcatolico.net\/portal\/wp-content\/uploads\/2017\/01\/Sexto_dia_Trezena_20173_12012017190427.jpg 1000w\" sizes=\"auto, (max-width: 300px) 100vw, 300px\" \/> Nazar\u00e9, pediu a intercess\u00e3o do padroeiro pela sa\u00fade do genro.<\/p>\n<p style=\"text-align: justify;\">&#8220;Sou devota de S\u00e3o Sebasti\u00e3o desde crian\u00e7a, meu pai tinha o mesmo nome, justamente por ter nascido no dia 20 de janeiro. Pe\u00e7o a ele a intercess\u00e3o pela vida do meu genro que sofre de c\u00e2ncer. Sei que para Deus nada \u00e9 imposs\u00edvel&#8221;, testemunhou.<\/p>\n<p style=\"text-align: justify;\">De acordo com o capit\u00e3o de mar e guerra m\u00e9dico Carlos Eduardo Ara\u00fajo, esse \u00e9 o quarto ano que a policl\u00ednica recebe a Trezena. Ele ainda acrescentou que \u00e9 um motivo de muita honra receber Dom Orani e a imagem de S\u00e3o Sebasti\u00e3o.<\/p>\n<p style=\"text-align: justify;\">\u201cOs nossos pacientes precisam desse &#8216;al\u00e9m do rem\u00e9dio\u2019, esse tipo de visita, acolhimento, fornece o intang\u00edvel, aquilo que n\u00e3o est\u00e1 na ci\u00eancia, atinge algumas conex\u00f5es neurais, emo\u00e7\u00f5es, que certamente melhoram o paciente&#8221;, concluiu o capit\u00e3o.<\/p>\n<p style=\"text-align: justify;\"><strong>Associa\u00e7\u00e3o Beneficente S\u00e3o Martinho<\/strong><\/p>\n<p style=\"text-align: justify;\">Em seguida, a comitiva seguiu em dire\u00e7\u00e3o \u00e0 Associa\u00e7\u00e3o Beneficente S\u00e3o Martinho, na Lapa, que atua no trabalho com crian\u00e7as em vulnerabilidade social,\u00a0 al\u00e9m de oferecer cursos profissionalizantes atrav\u00e9s de parcerias.<\/p>\n<p style=\"text-align: justify;\">A imagem peregrina foi recebida pelo diretor da Associa\u00e7\u00e3o Beneficente S\u00e3o Martinho, Frei Adailson Quintino dos Santos. Segundo ele, essa \u00e9 a primeira vez que o padroeiro visita a institui\u00e7\u00e3o, e sente uma imensa alegria em ter a oportunidade de receber a trezena e a imagem de S\u00e3o Sebasti\u00e3o em seu espa\u00e7o.<\/p>\n<p style=\"text-align: justify;\">\u201cIsso refor\u00e7a a nossa alegria, da confirma\u00e7\u00e3o do nosso trabalho, do reconhecimento da Arquidiocese com aquilo que realizamos no Estado do Rio de Janeiro&#8221;, concluiu o diretor, refor\u00e7ando tamb\u00e9m a expectativa para receber a imagem no pr\u00f3ximo ano. \u201cIsso cria uma grande expectativa pra n\u00f3s, para as fam\u00edlias, para os nossos benefici\u00e1rios e para as crian\u00e7as que tamb\u00e9m s\u00e3o atendidas aqui.\u201d<\/p>\n<p style=\"text-align: justify;\">A agente comunit\u00e1ria de sa\u00fade, Isis Ara\u00fajo da Silva, afirmou a import\u00e2ncia da visita da imagem peregrina, que mostra que devemos ser firmes na f\u00e9, e acolher a todos. \u201cQue S\u00e3o Sebasti\u00e3o nos d\u00ea for\u00e7a para enfrentar a viol\u00eancia no Rio de Janeiro, sa\u00fade, e aben\u00e7oe os nossos projetos para 2017, que \u00e9 o ano da solidariedade&#8221;, concluiu.<\/p>\n<p style=\"text-align: justify;\">Logo ap\u00f3s, a Imagem Peregrina de S\u00e3o Sebasti\u00e3o seguiu para os est\u00fadios do Sistema Globo de R\u00e1dio, na Gl\u00f3ria, onde o cardeal participou do &#8220;Programa do Can\u00e1zio&#8221;, apresentado pelo radialista Roberto Can\u00e1zio.<\/p>\n<p style=\"text-align: justify;\">Na porta da emissora, estava a devota Francisca das Chagas que, ansiosamente, aguardava a chegada da comitiva com uma r\u00e9plica da imagem nas m\u00e3os. A devota, que obteve gra\u00e7as com a intercess\u00e3o do padroeiro, falou sobre a import\u00e2ncia da trezena em sua vida.<\/p>\n<p style=\"text-align: justify;\">\u201cEu sentia muitas dores no joelho, ele estava muito inchado. O m\u00e9dico me indicou a fisioterapia, que n\u00e3o resolveu. Ent\u00e3o eu recorri a S\u00e3o Sebasti\u00e3o e disse, \u2018meu S\u00e3o Sebasti\u00e3o, enquanto vida eu tiver, acompanharei a sua prociss\u00e3o\u2019, e obtive a gra\u00e7a. Todos os anos eu vou da Tijuca at\u00e9 a Catedral. Atribuo a minha cura primeiramente a Deus, e a S\u00e3o Sebasti\u00e3o. Participo desde a primeira trezena de Dom Orani como arcebispo do Rio de Janeiro, e fui a ordena\u00e7\u00e3o dele em 2009\u201d, disse a devota emocionada.<\/p>\n<p style=\"text-align: justify;\">A imagem de S\u00e3o Sebasti\u00e3o tamb\u00e9m visitou, durante a manh\u00e3, o edif\u00edcio Jo\u00e3o Paulo II, na Gl\u00f3ria. O cardeal realizou a celebra\u00e7\u00e3o mission\u00e1ria e, em seguida, teve in\u00edcio a Santa Missa, presidida pelo capel\u00e3o do Edif\u00edcio Jo\u00e3o Paulo II,\u00a0Monsenhor Vital<em>\u00a0<\/em>Francisco Brand\u00e3o.(Arqrio)<\/p>\n<p style=\"text-align: justify;\">Por: Priscila Xavier \/ Leonan Nicolas<\/p>\n<p style=\"text-align: justify;\">Fotos: Gustavo de Oliveira<\/p>\n","protected":false},"excerpt":{"rendered":"<p>Nesta quinta-feira, 12 de janeiro, sexto dia da Trezena de S\u00e3o Sebasti\u00e3o, a comitiva visitou hospitais, casas beneficentes e igrejas dedicadas ao Santo Padroeiro da Arquidiocese e da cidade. O primeiro local a receber o cortejo foi a Policl\u00ednica Nossa Senhora das Gra\u00e7as, administrada pela Marinha, no bairro da Tijuca, e contou tamb\u00e9m com a&nbsp;<\/p>\n<p><a class=\"btn btn-style\" href=\"http:\/\/portalcatolico.net\/portal\/sao-sebastiao-intercessor-dos-enfermos-e-de-criancas-e-jovens-em-vulnerabilidade-social\/\">Continue Reading<\/a><\/p>\n","protected":false},"author":2,"featured_media":15895,"comment_status":"open","ping_status":"open","sticky":false,"template":"","format":"standard","meta":{"footnotes":""},"categories":[2],"tags":[],"class_list":["post-15894","post","type-post","status-publish","format-standard","has-post-thumbnail","hentry","category-eventos"],"_links":{"self":[{"href":"http:\/\/portalcatolico.net\/portal\/wp-json\/wp\/v2\/posts\/15894","targetHints":{"allow":["GET"]}}],"collection":[{"href":"http:\/\/portalcatolico.net\/portal\/wp-json\/wp\/v2\/posts"}],"about":[{"href":"http:\/\/portalcatolico.net\/portal\/wp-json\/wp\/v2\/types\/post"}],"author":[{"embeddable":true,"href":"http:\/\/portalcatolico.net\/portal\/wp-json\/wp\/v2\/users\/2"}],"replies":[{"embeddable":true,"href":"http:\/\/portalcatolico.net\/portal\/wp-json\/wp\/v2\/comments?post=15894"}],"version-history":[{"count":2,"href":"http:\/\/portalcatolico.net\/portal\/wp-json\/wp\/v2\/posts\/15894\/revisions"}],"predecessor-version":[{"id":15898,"href":"http:\/\/portalcatolico.net\/portal\/wp-json\/wp\/v2\/posts\/15894\/revisions\/15898"}],"wp:featuredmedia":[{"embeddable":true,"href":"http:\/\/portalcatolico.net\/portal\/wp-json\/wp\/v2\/media\/15895"}],"wp:attachment":[{"href":"http:\/\/portalcatolico.net\/portal\/wp-json\/wp\/v2\/media?parent=15894"}],"wp:term":[{"taxonomy":"category","embeddable":true,"href":"http:\/\/portalcatolico.net\/portal\/wp-json\/wp\/v2\/categories?post=15894"},{"taxonomy":"post_tag","embeddable":true,"href":"http:\/\/portalcatolico.net\/portal\/wp-json\/wp\/v2\/tags?post=15894"}],"curies":[{"name":"wp","href":"https:\/\/api.w.org\/{rel}","templated":true}]}}