{"id":15753,"date":"2017-01-21T09:11:55","date_gmt":"2017-01-21T09:11:55","guid":{"rendered":"http:\/\/portalcatolico.net\/portal\/?p=15753"},"modified":"2017-01-20T20:20:35","modified_gmt":"2017-01-20T20:20:35","slug":"banda-dominus-prepara-show-de-sucesso-em-festa-da-padroeira-de-coaraci","status":"publish","type":"post","link":"http:\/\/portalcatolico.net\/portal\/banda-dominus-prepara-show-de-sucesso-em-festa-da-padroeira-de-coaraci\/","title":{"rendered":"Banda Dominus prepara show de sucesso em Festa da padroeira de Coaraci"},"content":{"rendered":"<p class=\"m_-977403467429485887xgmail-msonospacing\" style=\"text-align: justify;\"><em>A banda Dominus vai se apresentar no encerramento da festa da padroeira da cidade de Coaraci, no dia 10 fevereiro de 2017. Ser\u00e1 um grande momento de louvor e adora\u00e7\u00e3o ao Nosso Deus atrav\u00e9s das m\u00e3os poderosas da Virgem Maria. O Noven\u00e1rio e Festa da padroeira da cidade\u00a0Coaraci tem in\u00edcio dia 01 e segue at\u00e9 dia 11 de fevereiro, dia em que se comemora o dia da Santa.<\/em><u><\/u><u><\/u><\/p>\n<p class=\"m_-977403467429485887xgmail-msonospacing\" style=\"text-align: justify;\"><em>Em 2005 veio o primeiro reconhecimento pela vendagem de discos e a Dominus recebeu o disco de ouro pelo CD \u201cDominus 3 ao Vivo\u201d. O alcance do CD consolidou de vez e a Dominus despontou como um dos nomes mais importantes da m\u00fasica cat\u00f3lica brasileira.<\/em><u><\/u><u><\/u><\/p>\n<p class=\"m_-977403467429485887xgmail-msonospacing\" style=\"text-align: justify;\"><em>Ao longo desses 25 anos, a Banda Dominus visitou centenas de cidades espalhadas por todo o Brasil e teve o seu trabalho reconhecido tamb\u00e9m no exterior realizando shows na Argentina, no Chile, na Fran\u00e7a, na Espanha e nos Estados Unidos. Em 2007, a Dominus se apresentou no encontro do Papa Bento XVI com a juventude brasileira realizado no est\u00e1dio do Pacaembu, em SP.<\/em><u><\/u><u><\/u><\/p>\n<p class=\"m_-977403467429485887xgmail-msonospacing\" style=\"text-align: justify;\"><em>Em 2011, a Banda Dominus foi novamente convidada para um evento com a participa\u00e7\u00e3o do Papa Bento XVI, dessa vez em Madri, na Espanha, durante a Jornada Mundial da Juventude. Participa\u00e7\u00e3o que se repetiu na JMJ Rio 2013, com a presen\u00e7a do Papa Francisco. Na ocasi\u00e3o, a Dominus marcou presen\u00e7a em diversos palcos espalhados pela cidade, inclusive no palco principal montado na praia de Copacabana que reuniu um p\u00fablico estimado em mais de 4 milh\u00f5es de pessoas.<\/em><u><\/u><u><\/u><\/p>\n<p class=\"m_-977403467429485887xgmail-msonospacing\" style=\"text-align: justify;\"><em>Em 2013, a Dominus contou com a participa\u00e7\u00e3o especial do Padre F\u00e1bio de Melo e da cantora Ivete Sangalo em uma das faixas do CD N\u00e3o Estou Sozinho. A m\u00fasica, que deu origem ao nome do CD, se tornou nacionalmente conhecida e foi amplamente divulgada nas r\u00e1dios e nas redes sociais.<\/em><u><\/u><u><\/u><\/p>\n<p class=\"m_-977403467429485887xgmail-msonospacing\" style=\"text-align: justify;\"><em>Toda a trajet\u00f3ria da Banda Dominus atesta a consist\u00eancia de uma carreira de longa data. S\u00e3o mais de<img loading=\"lazy\" decoding=\"async\" class=\"size-medium wp-image-15755 alignright\" src=\"http:\/\/portalcatolico.net\/portal\/wp-content\/uploads\/2017\/01\/B42A1900--200x300.jpg\" alt=\"B42A1900 []\" width=\"200\" height=\"300\" srcset=\"http:\/\/portalcatolico.net\/portal\/wp-content\/uploads\/2017\/01\/B42A1900--200x300.jpg 200w, http:\/\/portalcatolico.net\/portal\/wp-content\/uploads\/2017\/01\/B42A1900-.jpg 400w\" sizes=\"auto, (max-width: 200px) 100vw, 200px\" \/> duas d\u00e9cadas de trabalho e de importantes conquistas inclusive em per\u00edodos em que a m\u00fasica crist\u00e3 ainda n\u00e3o tinha a visibilidade que possui atualmente.<\/em><u><\/u><u><\/u><\/p>\n<p class=\"m_-977403467429485887xgmail-msonospacing\" style=\"text-align: justify;\"><em>\u00a0L\u00e9o Rabelo \u00e9 o fundador, vocalista e l\u00edder da Banda Dominus. Optou por estudar engenharia el\u00e9trica e chegou a trabalhar como t\u00e9cnico em eletr\u00f4nica, mas abandonou o curso quando percebeu que a m\u00fasica falava mais alto. Estudou m\u00fasica erudita no conservat\u00f3rio se especializando no viol\u00e3o e no obo\u00e9. Cursou tamb\u00e9m musicoterapia no Instituto Mineiro de Musicoterapia. Hoje estuda Teologia na Faculdade ISTA, em Belo Horizonte e se dedica exclusivamente \u00e0 m\u00fasica. Em Belo Horizonte, MG, participa semanalmente de dois grupos de ora\u00e7\u00e3o. Na Catedral de Nossa Senhora da Boa Viagem, \u00e9 respons\u00e1vel pela anima\u00e7\u00e3o e prega\u00e7\u00e3o do Evangelho. Na Par\u00f3quia de Nossa Senhora do Carmo, coordena o grupo N. Sra. do Carmo.<\/em><\/p>\n<p class=\"m_-977403467429485887xgmail-msonospacing\" style=\"text-align: justify;\"><u><\/u>Para conhecer melhor o sucesso da banda, acesse o site:<span class=\"m_-977403467429485887apple-converted-space\">\u00a0<\/span><a id=\"m_-977403467429485887LPlnk89727\" href=\"http:\/\/www.bandadominus.com\/\" target=\"_blank\" data-saferedirecturl=\"https:\/\/www.google.com\/url?hl=pt-BR&amp;q=http:\/\/www.bandadominus.com\/&amp;source=gmail&amp;ust=1484298093246000&amp;usg=AFQjCNErNYDBCTz_lnYPE8gL2my3lTG2vA\">www.bandadominus.com<\/a><span class=\"m_-977403467429485887apple-converted-space\">\u00a0<\/span><\/p>\n<p class=\"m_-977403467429485887xgmail-msonospacing\" style=\"text-align: justify;\">Texto:Reda\u00e7\u00e3o Portal Catolico<\/p>\n","protected":false},"excerpt":{"rendered":"<p>A banda Dominus vai se apresentar no encerramento da festa da padroeira da cidade de Coaraci, no dia 10 fevereiro de 2017. Ser\u00e1 um grande momento de louvor e adora\u00e7\u00e3o ao Nosso Deus atrav\u00e9s das m\u00e3os poderosas da Virgem Maria. O Noven\u00e1rio e Festa da padroeira da cidade\u00a0Coaraci tem in\u00edcio dia 01 e segue at\u00e9&nbsp;<\/p>\n<p><a class=\"btn btn-style\" href=\"http:\/\/portalcatolico.net\/portal\/banda-dominus-prepara-show-de-sucesso-em-festa-da-padroeira-de-coaraci\/\">Continue Reading<\/a><\/p>\n","protected":false},"author":2,"featured_media":15754,"comment_status":"open","ping_status":"open","sticky":false,"template":"","format":"standard","meta":{"footnotes":""},"categories":[1],"tags":[],"class_list":["post-15753","post","type-post","status-publish","format-standard","has-post-thumbnail","hentry","category-agenda"],"_links":{"self":[{"href":"http:\/\/portalcatolico.net\/portal\/wp-json\/wp\/v2\/posts\/15753","targetHints":{"allow":["GET"]}}],"collection":[{"href":"http:\/\/portalcatolico.net\/portal\/wp-json\/wp\/v2\/posts"}],"about":[{"href":"http:\/\/portalcatolico.net\/portal\/wp-json\/wp\/v2\/types\/post"}],"author":[{"embeddable":true,"href":"http:\/\/portalcatolico.net\/portal\/wp-json\/wp\/v2\/users\/2"}],"replies":[{"embeddable":true,"href":"http:\/\/portalcatolico.net\/portal\/wp-json\/wp\/v2\/comments?post=15753"}],"version-history":[{"count":1,"href":"http:\/\/portalcatolico.net\/portal\/wp-json\/wp\/v2\/posts\/15753\/revisions"}],"predecessor-version":[{"id":15756,"href":"http:\/\/portalcatolico.net\/portal\/wp-json\/wp\/v2\/posts\/15753\/revisions\/15756"}],"wp:featuredmedia":[{"embeddable":true,"href":"http:\/\/portalcatolico.net\/portal\/wp-json\/wp\/v2\/media\/15754"}],"wp:attachment":[{"href":"http:\/\/portalcatolico.net\/portal\/wp-json\/wp\/v2\/media?parent=15753"}],"wp:term":[{"taxonomy":"category","embeddable":true,"href":"http:\/\/portalcatolico.net\/portal\/wp-json\/wp\/v2\/categories?post=15753"},{"taxonomy":"post_tag","embeddable":true,"href":"http:\/\/portalcatolico.net\/portal\/wp-json\/wp\/v2\/tags?post=15753"}],"curies":[{"name":"wp","href":"https:\/\/api.w.org\/{rel}","templated":true}]}}