{"id":15425,"date":"2017-01-22T00:13:47","date_gmt":"2017-01-22T00:13:47","guid":{"rendered":"http:\/\/portalcatolico.net\/portal\/?p=15425"},"modified":"2017-01-22T19:59:24","modified_gmt":"2017-01-22T19:59:24","slug":"escola-de-teologia-joao-paulo-ii-abre-inscricao-para-curso-de-formacao-participe","status":"publish","type":"post","link":"http:\/\/portalcatolico.net\/portal\/escola-de-teologia-joao-paulo-ii-abre-inscricao-para-curso-de-formacao-participe\/","title":{"rendered":"Escola de Teologia Jo\u00e3o Paulo II abre inscri\u00e7\u00e3o para curso de forma\u00e7\u00e3o. Participe!"},"content":{"rendered":"<p class=\"m_-4976278446075365391xgmail-msonospacing\" style=\"text-align: justify;\"><em>A Escola de Teologia Jo\u00e3o Paulo II, da Diocese de Itabuna, est\u00e1 com inscri\u00e7\u00e3o aberta para novas turmas, buscando promover a obra de evangeliza\u00e7\u00e3o aos agentes de pastoral, movimentos e pessoas a caminho da forma\u00e7\u00e3o. Vivemos dias nos quais a necessidade de conhecimento \u00e9 cada vez maior, em todas as \u00e1reas da vida. Os que lidam com atividades na Igreja tamb\u00e9m t\u00eam a necessidade de obter conhecimento, principalmente, no tocante a quest\u00f5es b\u00edblicas, doutrin\u00e1rias e teol\u00f3gicas.<u><\/u><u><\/u><\/em><\/p>\n<p class=\"m_-4976278446075365391xgmail-msonospacing\" style=\"text-align: justify;\"><em>O conhecimento teol\u00f3gico \u00e9 cada vez mais importante na vida da igreja e de seus agentes. O curso de teologia Jo\u00e3o Paulo II da Diocese de Itabuna forma\u00a0 os leigos em um ambiente formativo, catequ\u00e9tico\u00a0 pedag\u00f3gico\u00a0 que visa melhor formar aqueles que desejam aprofundar o seu conhecimento de f\u00e9 e ora\u00e7\u00e3o.<\/em><u><\/u><u><\/u><\/p>\n<p class=\"m_-4976278446075365391xgmail-msonospacing\" style=\"text-align: justify;\"><em>A Escola de Teologia Jo\u00e3o Paulo II tem como contribuir com a forma\u00e7\u00e3o para leigos atuantes na pastoral, evangeliza\u00e7\u00e3o e miss\u00e3o da nossa Igreja. Atrav\u00e9s de conte\u00fados de estudos b\u00edblicos, doutrinais, sociais e pastorais pretende formar e colaborar com a forma\u00e7\u00e3o de leigos e leigas comprometidos \u00a0com a vida da Igreja e com o testemunho na sociedade, na pr\u00e1tica Pastoral.<\/em><u><\/u><u><\/u><\/p>\n<p class=\"m_-4976278446075365391xgmail-msonospacing\" style=\"text-align: justify;\"><em>\u00a0<\/em>Atualmente, a Escola conta com um n\u00famero consider\u00e1vel de alunos, que se divide em duas turmas.<u><\/u><u><\/u><\/p>\n<p class=\"m_-4976278446075365391xgmail-msonospacing\" style=\"text-align: justify;\">O in\u00edcio das aulas ser\u00e1 em Mar\u00e7o. Quem pode participar s\u00e3o os candidatos ao diaconato permanente, os agentes de pastorais, os animadores de comunidades, catequistas e lideran\u00e7as . O curso tem dura\u00e7\u00e3o de tr\u00eas anos e meio e est\u00e1 dividido em m\u00f3dulos que acontecem nos finais de semana de cada m\u00eas. Inicia na sexta, \u00e0s 18h30min e encerra no domingo \u00e0s 12h. As aulas ser\u00e3o ministradas de formas intensivas, a cada trimestre s\u00e3o quatro cursos, com carga hor\u00e1ria de 20horas-aulas, sendo 15horas-aulas \u00a0presencial e 5horas-aulas trabalhos extraclasse.<u><\/u><u><\/u><\/p>\n<p class=\"m_-4976278446075365391xgmail-msonospacing\" style=\"text-align: justify;\">Os requisitos para participar s\u00e3o: Ser pessoa de viv\u00eancia crista e que deseja conhecer para viver as razoes e implica\u00e7\u00f5es de sua f\u00e9; ter idade m\u00ednima de 18 anos; comprometer-se a frequentar integralmente todas a s disciplinas propostas nos diversos per\u00edodos letivos e ter o m\u00e9dio conclu\u00eddo (2\u00aa Grau).<u><\/u><u><\/u><\/p>\n<p class=\"m_-4976278446075365391xgmail-msonospacing\" style=\"text-align: justify;\">A documenta\u00e7\u00e3o necess\u00e1ria para inscri\u00e7\u00e3o \u00e9: atestado de conclus\u00e3o do curso do ensino m\u00e9dio \u00a0ou copia do diploma; c\u00f3pia do RG e CPF; carta de recomenda\u00e7\u00e3o do p\u00e1roco, da par\u00f3quia onde o candidato frequenta.<u><\/u><u><\/u><\/p>\n<p class=\"m_-4976278446075365391xgmail-msonospacing\" style=\"text-align: justify;\">\u00a0\u00a0A escola funciona uma vez por m\u00eas anexando no Centro de Pastoral Diocesano, localizado no bairro G\u00f3es Calmon, em Itabuna (Ba).<u><\/u><u><\/u><\/p>\n<p class=\"m_-4976278446075365391xgmail-msonospacing\" style=\"text-align: justify;\"><em>Se voc\u00ea quer fazer parte do \u00a0curso entre em contato com a\u00a0 c\u00faria diocesana (73)3211-3520.<\/em><u><\/u><u><\/u><\/p>\n<p class=\"m_-4976278446075365391xgmail-msonospacing\" style=\"text-align: justify;\">Outras informa\u00e7\u00f5es e inscri\u00e7\u00f5es com o coordenador \u00a0do curso o padre \u00a0Wesley do Carmo ou com Yolanda, nos telefones (73) 9 8805-5274\/9 88823-1255 ou via<span class=\"m_-4976278446075365391apple-converted-space\">\u00a0<\/span><a href=\"mailto:email%3Apeweleicarmo@hotmail.com\" target=\"_blank\">email:peweleicarmo@<wbr \/>hotmail.com<\/a><\/p>\n<p class=\"m_-4976278446075365391xgmail-msonospacing\" style=\"text-align: justify;\">Texto:Portal Cat\u00f3lico<\/p>\n<p>&nbsp;<\/p>\n","protected":false},"excerpt":{"rendered":"<p>A Escola de Teologia Jo\u00e3o Paulo II, da Diocese de Itabuna, est\u00e1 com inscri\u00e7\u00e3o aberta para novas turmas, buscando promover a obra de evangeliza\u00e7\u00e3o aos agentes de pastoral, movimentos e pessoas a caminho da forma\u00e7\u00e3o. Vivemos dias nos quais a necessidade de conhecimento \u00e9 cada vez maior, em todas as \u00e1reas da vida. Os que&nbsp;<\/p>\n<p><a class=\"btn btn-style\" href=\"http:\/\/portalcatolico.net\/portal\/escola-de-teologia-joao-paulo-ii-abre-inscricao-para-curso-de-formacao-participe\/\">Continue Reading<\/a><\/p>\n","protected":false},"author":2,"featured_media":15426,"comment_status":"open","ping_status":"open","sticky":false,"template":"","format":"standard","meta":{"footnotes":""},"categories":[1],"tags":[],"class_list":["post-15425","post","type-post","status-publish","format-standard","has-post-thumbnail","hentry","category-agenda"],"_links":{"self":[{"href":"http:\/\/portalcatolico.net\/portal\/wp-json\/wp\/v2\/posts\/15425","targetHints":{"allow":["GET"]}}],"collection":[{"href":"http:\/\/portalcatolico.net\/portal\/wp-json\/wp\/v2\/posts"}],"about":[{"href":"http:\/\/portalcatolico.net\/portal\/wp-json\/wp\/v2\/types\/post"}],"author":[{"embeddable":true,"href":"http:\/\/portalcatolico.net\/portal\/wp-json\/wp\/v2\/users\/2"}],"replies":[{"embeddable":true,"href":"http:\/\/portalcatolico.net\/portal\/wp-json\/wp\/v2\/comments?post=15425"}],"version-history":[{"count":1,"href":"http:\/\/portalcatolico.net\/portal\/wp-json\/wp\/v2\/posts\/15425\/revisions"}],"predecessor-version":[{"id":15427,"href":"http:\/\/portalcatolico.net\/portal\/wp-json\/wp\/v2\/posts\/15425\/revisions\/15427"}],"wp:featuredmedia":[{"embeddable":true,"href":"http:\/\/portalcatolico.net\/portal\/wp-json\/wp\/v2\/media\/15426"}],"wp:attachment":[{"href":"http:\/\/portalcatolico.net\/portal\/wp-json\/wp\/v2\/media?parent=15425"}],"wp:term":[{"taxonomy":"category","embeddable":true,"href":"http:\/\/portalcatolico.net\/portal\/wp-json\/wp\/v2\/categories?post=15425"},{"taxonomy":"post_tag","embeddable":true,"href":"http:\/\/portalcatolico.net\/portal\/wp-json\/wp\/v2\/tags?post=15425"}],"curies":[{"name":"wp","href":"https:\/\/api.w.org\/{rel}","templated":true}]}}